{"id":130202,"date":"2026-01-09T04:44:10","date_gmt":"2026-01-09T04:44:10","guid":{"rendered":"https:\/\/www.europesays.com\/se\/130202\/"},"modified":"2026-01-09T04:44:10","modified_gmt":"2026-01-09T04:44:10","slug":"myten-om-vinst-fore-valfard-ar-just-en-myt","status":"publish","type":"post","link":"https:\/\/www.europesays.com\/se\/130202\/","title":{"rendered":"\u201dMyten om vinst f\u00f6re v\u00e4lf\u00e4rd \u00e4r just en myt\u201d"},"content":{"rendered":"<p class=\"css-176tai e1uki5l82\"><strong>Svensk v\u00e4lf\u00e4rd<\/strong> \u00e4r p\u00e5 v\u00e4g in i en period d\u00e4r kraven \u00f6kar snabbare \u00e4n kapaciteten. Vi f\u00e5r fler \u00e4ldre och fler multisjuka \u2013 och vi har en personalbrist som redan \u00e4r akut. Mitt i detta minskar andelen privat v\u00e5rd och omsorg. Det \u00e4r inte ett styrkebesked f\u00f6r offentlig sektor, utan en tydlig varningssignal om att v\u00e4lf\u00e4rdssystemet \u00e4r hotat.<\/p>\n<p class=\"css-176tai e1uki5l82\">Grant Thorntons rapport <a rel=\"noopener noreferrer nofollow\" target=\"_blank\" href=\"https:\/\/www.grantthornton.se\/pressrum\/rapport-tar-de-storsta-aktorerna-over-nar-privatiseringen-minskar-inom-vard-och-omsorg\/\">\u201dPrivatisering och konsolidering inom v\u00e5rd- och omsorgssektorn\u201d<\/a> fr\u00e5n november 2025 visar att andelen privata utf\u00f6rare nu \u00e4r nere p\u00e5 cirka 21 procent, den l\u00e4gsta niv\u00e5n p\u00e5 ett decennium. Vi beh\u00f6ver prata klarspr\u00e5k om vad det betyder. Den offentliga sektorn klarar inte trycket ensam n\u00e4r befolkningen \u00e5ldras och v\u00e5rdbehoven \u00f6kar. V\u00e5rdk\u00f6erna v\u00e4xer, kostnaderna skenar och personaloms\u00e4ttningen \u00e4r h\u00f6gre \u00e4n n\u00e5gonsin i m\u00e5nga verksamheter. \u00c4nd\u00e5 forts\u00e4tter politiken att bromsa de privata v\u00e5rdgivare som b\u00e5de avlastar och utvecklar systemet.<\/p>\n<p class=\"css-176tai e1uki5l82\"><strong>L\u00e4s mer: <\/strong><strong><a href=\"https:\/\/www.dagensmedicin.se\/vardens-styrning\/digitalisering\/krys-vd-om-forsta-aret-massmedial-tumultperiod\/\" rel=\"nofollow noopener\" target=\"_blank\">Krys vd om f\u00f6rsta \u00e5ret: Massmedial tumultperiod<\/a><\/strong><\/p>\n<p class=\"css-176tai e1uki5l82\"><strong>Det syns<\/strong> inte minst i innovationskraften. Det \u00e4r inte offentlig sektor som har utvecklat appar d\u00e4r patienter kan tr\u00e4ffa l\u00e4kare en l\u00f6rdag kv\u00e4ll n\u00e4r v\u00e5rdcentralen \u00e4r st\u00e4ngd, utan privata digitala v\u00e5rdgivare som vuxit fram i den offentligt finansierade prim\u00e4rv\u00e5rden. Det \u00e4r inte offentlig sektor som tagit fram AI-verktyg som spelar in patientbes\u00f6k och automatiskt skriver journaler och\u00a0<a rel=\"noopener noreferrer nofollow\" target=\"_blank\" href=\"https:\/\/lakartidningen.se\/nyheter\/ai-kan-hjalpa-lakare-att-fokusera-pa-patienten\/\">d\u00e4rmed frig\u00f6r timmar av administrativ tid varje vecka<\/a>. <\/p>\n<p class=\"css-176tai e1uki5l82\">Det \u00e4r inte heller offentlig sektor som har utvecklat\u00a0<a rel=\"noopener noreferrer nofollow\" target=\"_blank\" href=\"https:\/\/www.skd.se\/2024-01-07\/trygghetssensorer-minskade-fallolyckorna-med-over-50-procent#:~:text=Kombinationen%20av%20automatisk%20larmning%20och%20digital%20tillsyn,ska%20l%C3%B6sningen%20inf%C3%B6ras%20p%C3%A5%20kommunens%20alla%20%C3%A4ldreboen\">AI-sensorer p\u00e5 \u00e4ldreboenden som minskar fallolyckor med 50 procent<\/a>. Bakom alla dessa innovationer st\u00e5r privata akt\u00f6rer. Och tack vare att de verkar inom den offentligt finansierade v\u00e4lf\u00e4rden gagnas alla patienter och \u00e4ldre av utvecklingen. Utan \u00e4gander\u00e4tt, utan vinstintresse och utan drivkraft att f\u00f6rb\u00e4ttra hade dessa l\u00f6sningar aldrig funnits.<\/p>\n<p class=\"css-176tai e1uki5l82\"><strong>Offentlig sektor<\/strong> \u00e4r helt avg\u00f6rande f\u00f6r v\u00e4lf\u00e4rdens stabilitet. Men privat sektor \u00e4r avg\u00f6rande f\u00f6r utvecklingen. N\u00e4r privata akt\u00f6rer tr\u00e4ngs tillbaka minskar inte bara kapaciteten, utan \u00e4ven innovationen och f\u00f6rb\u00e4ttringskraften.<\/p>\n<p class=\"css-176tai e1uki5l82\">Om systemets h\u00e5llbarhet ska s\u00e4kras m\u00e5ste politiken agera. Till att b\u00f6rja med genom att inf\u00f6ra nationell valfrihet s\u00e5 att m\u00e4nniskor kan v\u00e4lja v\u00e5rdgivare eller omsorgsboende och f\u00e5 tillg\u00e5ng till fler alternativ. D\u00e4refter beh\u00f6vs l\u00e5ngsiktiga avtal och kostnadspress som g\u00f6r det m\u00f6jligt f\u00f6r privata utf\u00f6rare att investera och ta fram nya innovationer. Och det kr\u00e4ver att regionerna och kommunerna blir mer professionella best\u00e4llare av v\u00e5rd och omsorg.<\/p>\n<p class=\"css-176tai e1uki5l82\">Myten om vinst f\u00f6re v\u00e4lf\u00e4rd \u00e4r just en myt. Sveriges Kommuner och Regioner (SKR) och Socialstyrelsens \u00f6ppna j\u00e4mf\u00f6relser visar att privata v\u00e5rdcentraler och \u00e4ldreboenden ofta f\u00e5r h\u00f6gre betyg av b\u00e5de patienter och anh\u00f6riga \u00e4n motsvarande offentligt drivna verksamheter.\u00a0<\/p>\n<p class=\"css-176tai e1uki5l82\"><strong>Vinst \u00e4r inte problemet,<\/strong> utan bristen p\u00e5 den drivkraft som g\u00f6r systemet b\u00e4ttre. Att bek\u00e4mpa vinster kan vara politiskt bekv\u00e4mt, men det g\u00f6r v\u00e5rd och omsorg s\u00e4mre, dyrare och l\u00e5ngsammare n\u00e4r kapacitet och innovationskraft pressas tillbaka. Sverige har allt att vinna p\u00e5 privata akt\u00f6rer som f\u00e5r utrymme att bidra till, utveckla och ta ansvar f\u00f6r framtidens v\u00e4lf\u00e4rd.<\/p>\n<p class=\"css-176tai e1uki5l82\"><strong>Gustaf Drougge<\/strong><br \/>Vd f\u00f6r Synaps, en marknadsliberal tankesmedja inom sjukv\u00e5rd och omsorg<\/p>\n<p>Kommentarer<\/p>\n<p>Arbetar du i sjukv\u00e5rden och vill kommentera texten utifr\u00e5n din yrkesroll?<br \/><a rel=\"noopener noreferrer nofollow\" target=\"_blank\" href=\"https:\/\/docs.google.com\/forms\/d\/e\/1FAIpQLSffxZDE1coKz-qKJnvxSysAsfgKl1gp7Fnt2oZLE2IoHR0LWQ\/viewform\">Klicka h\u00e4r! \u00a0\u00a0<\/a> <br \/>Kommentarer publiceras efter granskning.<\/p>\n","protected":false},"excerpt":{"rendered":"Svensk v\u00e4lf\u00e4rd \u00e4r p\u00e5 v\u00e4g in i en period d\u00e4r kraven \u00f6kar snabbare \u00e4n kapaciteten. Vi f\u00e5r fler&hellip;\n","protected":false},"author":2,"featured_media":130203,"comment_status":"","ping_status":"","sticky":false,"template":"","format":"standard","meta":{"footnotes":""},"categories":[5],"tags":[22,23,26,27,17,21,24,25,28,29,15,16,18,34,31,33,32,30,19,20],"class_list":{"0":"post-130202","1":"post","2":"type-post","3":"status-publish","4":"format-standard","5":"has-post-thumbnail","7":"category-rubriker","8":"tag-breaking-news","9":"tag-breakingnews","10":"tag-featured-news","11":"tag-featurednews","12":"tag-headlines","13":"tag-huvudnyheter","14":"tag-latest-news","15":"tag-latestnews","16":"tag-main-news","17":"tag-mainnews","18":"tag-news","19":"tag-nyheter","20":"tag-rubriker","21":"tag-se","22":"tag-svenska","23":"tag-sverige","24":"tag-sweden","25":"tag-swedish","26":"tag-top-stories","27":"tag-topstories"},"share_on_mastodon":{"url":"https:\/\/pubeurope.com\/@se\/115863320264857884","error":""},"_links":{"self":[{"href":"https:\/\/www.europesays.com\/se\/wp-json\/wp\/v2\/posts\/130202","targetHints":{"allow":["GET"]}}],"collection":[{"href":"https:\/\/www.europesays.com\/se\/wp-json\/wp\/v2\/posts"}],"about":[{"href":"https:\/\/www.europesays.com\/se\/wp-json\/wp\/v2\/types\/post"}],"author":[{"embeddable":true,"href":"https:\/\/www.europesays.com\/se\/wp-json\/wp\/v2\/users\/2"}],"replies":[{"embeddable":true,"href":"https:\/\/www.europesays.com\/se\/wp-json\/wp\/v2\/comments?post=130202"}],"version-history":[{"count":0,"href":"https:\/\/www.europesays.com\/se\/wp-json\/wp\/v2\/posts\/130202\/revisions"}],"wp:featuredmedia":[{"embeddable":true,"href":"https:\/\/www.europesays.com\/se\/wp-json\/wp\/v2\/media\/130203"}],"wp:attachment":[{"href":"https:\/\/www.europesays.com\/se\/wp-json\/wp\/v2\/media?parent=130202"}],"wp:term":[{"taxonomy":"category","embeddable":true,"href":"https:\/\/www.europesays.com\/se\/wp-json\/wp\/v2\/categories?post=130202"},{"taxonomy":"post_tag","embeddable":true,"href":"https:\/\/www.europesays.com\/se\/wp-json\/wp\/v2\/tags?post=130202"}],"curies":[{"name":"wp","href":"https:\/\/api.w.org\/{rel}","templated":true}]}}