{"id":130212,"date":"2026-01-09T05:00:53","date_gmt":"2026-01-09T05:00:53","guid":{"rendered":"https:\/\/www.europesays.com\/se\/130212\/"},"modified":"2026-01-09T05:00:53","modified_gmt":"2026-01-09T05:00:53","slug":"bortsprungen-hund-aterford-till-agare-i-osthammar","status":"publish","type":"post","link":"https:\/\/www.europesays.com\/se\/130212\/","title":{"rendered":"Bortsprungen hund \u00e5terf\u00f6rd till \u00e4gare i \u00d6sthammar"},"content":{"rendered":"<p>Klockan var strax f\u00f6re tio n\u00e4r hunden kom in till polisen i \u00d6sthammar. \u00c4garen efterlystes p\u00e5 sociala medier och sedan gick det fort. Genom sociala medier fick vi kontakt med hundens \u00e4gare\u2013 Vid 10.15 fick man kontakt med \u00e4garen som var p\u00e5 v\u00e4g dit f\u00f6r att h\u00e4mta upp hunden. S\u00e5 det blev ett lyckligt slut p\u00e5 den historien, s\u00e4ger Maria Hall, polisens presstalesperson.<\/p>\n","protected":false},"excerpt":{"rendered":"Klockan var strax f\u00f6re tio n\u00e4r hunden kom in till polisen i \u00d6sthammar. \u00c4garen efterlystes p\u00e5 sociala medier&hellip;\n","protected":false},"author":2,"featured_media":1027,"comment_status":"","ping_status":"","sticky":false,"template":"","format":"standard","meta":{"footnotes":""},"categories":[12],"tags":[22,23,26,27,17,21,24,25,28,29,15,16,18,34,31,33,32,30,19,20],"class_list":{"0":"post-130212","1":"post","2":"type-post","3":"status-publish","4":"format-standard","5":"has-post-thumbnail","7":"category-sverige","8":"tag-breaking-news","9":"tag-breakingnews","10":"tag-featured-news","11":"tag-featurednews","12":"tag-headlines","13":"tag-huvudnyheter","14":"tag-latest-news","15":"tag-latestnews","16":"tag-main-news","17":"tag-mainnews","18":"tag-news","19":"tag-nyheter","20":"tag-rubriker","21":"tag-se","22":"tag-svenska","23":"tag-sverige","24":"tag-sweden","25":"tag-swedish","26":"tag-top-stories","27":"tag-topstories"},"share_on_mastodon":{"url":"https:\/\/pubeurope.com\/@se\/115863387046720122","error":""},"_links":{"self":[{"href":"https:\/\/www.europesays.com\/se\/wp-json\/wp\/v2\/posts\/130212","targetHints":{"allow":["GET"]}}],"collection":[{"href":"https:\/\/www.europesays.com\/se\/wp-json\/wp\/v2\/posts"}],"about":[{"href":"https:\/\/www.europesays.com\/se\/wp-json\/wp\/v2\/types\/post"}],"author":[{"embeddable":true,"href":"https:\/\/www.europesays.com\/se\/wp-json\/wp\/v2\/users\/2"}],"replies":[{"embeddable":true,"href":"https:\/\/www.europesays.com\/se\/wp-json\/wp\/v2\/comments?post=130212"}],"version-history":[{"count":0,"href":"https:\/\/www.europesays.com\/se\/wp-json\/wp\/v2\/posts\/130212\/revisions"}],"wp:featuredmedia":[{"embeddable":true,"href":"https:\/\/www.europesays.com\/se\/wp-json\/wp\/v2\/media\/1027"}],"wp:attachment":[{"href":"https:\/\/www.europesays.com\/se\/wp-json\/wp\/v2\/media?parent=130212"}],"wp:term":[{"taxonomy":"category","embeddable":true,"href":"https:\/\/www.europesays.com\/se\/wp-json\/wp\/v2\/categories?post=130212"},{"taxonomy":"post_tag","embeddable":true,"href":"https:\/\/www.europesays.com\/se\/wp-json\/wp\/v2\/tags?post=130212"}],"curies":[{"name":"wp","href":"https:\/\/api.w.org\/{rel}","templated":true}]}}