{"id":130213,"date":"2026-01-09T05:06:11","date_gmt":"2026-01-09T05:06:11","guid":{"rendered":"https:\/\/www.europesays.com\/se\/130213\/"},"modified":"2026-01-09T05:06:11","modified_gmt":"2026-01-09T05:06:11","slug":"sa-mycket-far-du-i-ersattning-for-stromavbrottet","status":"publish","type":"post","link":"https:\/\/www.europesays.com\/se\/130213\/","title":{"rendered":"S\u00e5 mycket f\u00e5r du i ers\u00e4ttning f\u00f6r str\u00f6mavbrottet"},"content":{"rendered":"<p>P\u00e5 torsdagseftermiddagen var fortfarande ett par tusen elkunder utan str\u00f6m, framf\u00f6r allt i G\u00e4vleborg, men \u00e4ven p\u00e5 m\u00e5nga andra platser runt om i landet efter de senaste veckornas ov\u00e4der, enligt de stora eln\u00e4tsf\u00f6retagens uppgifter. Och det var innan torsdagsdygnets sn\u00f6smocka l\u00e4ngs bland annat Norrlandskusten.<\/p>\n<p>Vid ett str\u00f6mavbrott p\u00e5 minst tolv timmar ska ers\u00e4ttning utg\u00e5 automatiskt, motsvarande minst 1\u00a0200 kronor eller 12,5 procent av den \u00e5rliga eln\u00e4tskostnaden. Vid 24 timmars avbrott \u00f6kar ers\u00e4ttningen till minst 2\u00a0400 kronor. Som mest kan kunden f\u00e5 tre g\u00e5nger \u00e5rsavgiften om str\u00f6mavbrottet blir l\u00e5ngvarigt, tolv dygn, i runda sl\u00e4ngar 30\u00a0000 kronor eller mer f\u00f6r en villa\u00e4gare, beroende p\u00e5 hur mycket el man vanligtvis f\u00f6rbrukar, enligt bland annat Vattenfalls och Eons hemsidor.<\/p>\n","protected":false},"excerpt":{"rendered":"P\u00e5 torsdagseftermiddagen var fortfarande ett par tusen elkunder utan str\u00f6m, framf\u00f6r allt i G\u00e4vleborg, men \u00e4ven p\u00e5 m\u00e5nga&hellip;\n","protected":false},"author":2,"featured_media":130214,"comment_status":"","ping_status":"","sticky":false,"template":"","format":"standard","meta":{"footnotes":""},"categories":[65],"tags":[72,70,71,34,31,33,32,30],"class_list":{"0":"post-130213","1":"post","2":"type-post","3":"status-publish","4":"format-standard","5":"has-post-thumbnail","7":"category-ekonomi","8":"tag-business","9":"tag-economy","10":"tag-ekonomi","11":"tag-se","12":"tag-svenska","13":"tag-sverige","14":"tag-sweden","15":"tag-swedish"},"share_on_mastodon":{"url":"https:\/\/pubeurope.com\/@se\/115863406800474470","error":""},"_links":{"self":[{"href":"https:\/\/www.europesays.com\/se\/wp-json\/wp\/v2\/posts\/130213","targetHints":{"allow":["GET"]}}],"collection":[{"href":"https:\/\/www.europesays.com\/se\/wp-json\/wp\/v2\/posts"}],"about":[{"href":"https:\/\/www.europesays.com\/se\/wp-json\/wp\/v2\/types\/post"}],"author":[{"embeddable":true,"href":"https:\/\/www.europesays.com\/se\/wp-json\/wp\/v2\/users\/2"}],"replies":[{"embeddable":true,"href":"https:\/\/www.europesays.com\/se\/wp-json\/wp\/v2\/comments?post=130213"}],"version-history":[{"count":0,"href":"https:\/\/www.europesays.com\/se\/wp-json\/wp\/v2\/posts\/130213\/revisions"}],"wp:featuredmedia":[{"embeddable":true,"href":"https:\/\/www.europesays.com\/se\/wp-json\/wp\/v2\/media\/130214"}],"wp:attachment":[{"href":"https:\/\/www.europesays.com\/se\/wp-json\/wp\/v2\/media?parent=130213"}],"wp:term":[{"taxonomy":"category","embeddable":true,"href":"https:\/\/www.europesays.com\/se\/wp-json\/wp\/v2\/categories?post=130213"},{"taxonomy":"post_tag","embeddable":true,"href":"https:\/\/www.europesays.com\/se\/wp-json\/wp\/v2\/tags?post=130213"}],"curies":[{"name":"wp","href":"https:\/\/api.w.org\/{rel}","templated":true}]}}