{"id":130215,"date":"2026-01-09T05:07:16","date_gmt":"2026-01-09T05:07:16","guid":{"rendered":"https:\/\/www.europesays.com\/se\/130215\/"},"modified":"2026-01-09T05:07:16","modified_gmt":"2026-01-09T05:07:16","slug":"usa-stodjer-sakerhetsgarantier-till-ukraina-2","status":"publish","type":"post","link":"https:\/\/www.europesays.com\/se\/130215\/","title":{"rendered":"USA st\u00f6djer s\u00e4kerhetsgarantier till Ukraina"},"content":{"rendered":"<p>F\u00f6retr\u00e4dare fr\u00e5n 35 l\u00e4nder, varav 27 stats- eller regeringschefer, samlades p\u00e5 tisdagen tillsammans med Ukrainas president Volodymyr Zelenskyj i Paris f\u00f6r att forts\u00e4tta samtalen om Ukrainas framtida s\u00e4kerhet.<\/p>\n<p>Resultatet blev en <a href=\"https:\/\/ec.europa.eu\/commission\/presscorner\/detail\/sv\/statement_26_45\" rel=\"nofollow noopener\" target=\"_blank\">gemensam deklaration<\/a> som f\u00f6r f\u00f6rsta g\u00e5ngen f\u00f6renar Europa och USA kring ett konkret ramverk f\u00f6r hur en vapenvila i Ukraina ska kunna s\u00e4kras och ett nytt ryskt angrepp f\u00f6rhindras efter en eventuell fredsuppg\u00f6relse.<\/p>\n<p>\u2013 [Denna deklaration] \u00e4r ett betydande framsteg som f\u00f6r f\u00f6rsta g\u00e5ngen visar en operativ samverkan mellan de 35 l\u00e4nderna i de villigas koalition, Ukraina och USA sade Frankrikes president Emmanuel Macron vid en <a href=\"https:\/\/www.youtube.com\/watch?v=s3HLyt9qHqE\" rel=\"nofollow noopener\" target=\"_blank\">presskonferens<\/a> efter m\u00f6tet.<\/p>\n<p><strong>USA tar ledande roll<\/strong><br \/>Den kanske viktigaste nyheten fr\u00e5n m\u00f6tet var att USA \u00e5tog sig att leda \u00f6vervakningen av en framtida vapenvila. Det amerikanska s\u00e4ndebudet Steve Witkoff, som deltar i f\u00f6rhandlingarna med Ryssland, understr\u00f6k president Donald Trumps engagemang.<\/p>\n<p>\u2013 Dessa s\u00e4kerhetsgarantier \u00e4r s\u00e5 starka som de n\u00e5gonsin kan bli. De \u00e4r avsedda att avskr\u00e4cka fr\u00e5n varje form av fortsatta angrepp mot Ukraina, och om det sker nya angrepp \u00e4r de avsedda att f\u00f6rsvara, och de kommer att g\u00f6ra b\u00e4gge delarna, sade Witkoff.<\/p>\n<p>Att USA f\u00f6r f\u00f6rsta g\u00e5ngen satt med vid koalitionens bord beskrevs av m\u00e5nga deltagare som ett avg\u00f6rande genombrott, <a href=\"https:\/\/www.reuters.com\/business\/aerospace-defense\/us-backs-security-guarantees-ukraine-summit-kyivs-allies-paris-2026-01-06\/\" rel=\"nofollow noopener\" target=\"_blank\">uppger Reuters<\/a>.<\/p>\n<p>Enligt deklarationen f\u00f6resl\u00e5s USA leda en &#8221;kontinuerlig och p\u00e5litlig \u00f6vervaknings- och verifieringsmekanism&#8221; f\u00f6r en framtida vapenvilas efterlevnad. En s\u00e4rskild kommission, d\u00e4r koalitionen \u00e4r representerad, ska uppr\u00e4ttas f\u00f6r att hantera eventuella brott, fastst\u00e4lla ansvar och besluta om \u00e5tg\u00e4rder.<\/p>\n<p><strong>Storbritannien och Frankrike f\u00f6rst ut med trupp\u00e5taganden<\/strong><br \/>Efter presskonferensen undertecknade Macron, Storbritanniens premi\u00e4rminister Keir Starmer och Zelenskyj en avsiktsf\u00f6rklaring om utplacering av en multinationell styrka p\u00e5 ukrainskt territorium efter en vapenvila.<\/p>\n<p>\u2013 Efter en vapenvila kommer Storbritannien och Frankrike att etablera milit\u00e4ra knutpunkter \u00f6ver hela Ukraina och bygga skyddade anl\u00e4ggningar f\u00f6r vapen och milit\u00e4r utrustning f\u00f6r att st\u00f6dja Ukrainas f\u00f6rsvarsbehov, sade Starmer.<\/p>\n<p>Macron preciserade senare i fransk tv att det kan r\u00f6ra sig om &#8221;flera tusen&#8221; franska soldater. Styrkan ska enligt planerna verka l\u00e5ngt fr\u00e5n frontlinjen och ha till uppgift att bidra till avskr\u00e4ckning och att bygga upp Ukrainas f\u00f6rsvarsmakt.<\/p>\n<p>Tyskland har \u00e4nnu inte f\u00f6rbundit sig att skicka trupper till Ukraina, men f\u00f6rbundskansler Friedrich Merz \u00f6ppnade d\u00f6rren f\u00f6r ett tyskt bidrag.<\/p>\n<p>\u2013 Efter en vapenvila kan vi till exempel anm\u00e4la styrkor f\u00f6r Ukraina i ett angr\u00e4nsande Natoomr\u00e5de, sade Merz och syftade p\u00e5 att tyska soldater skulle kunna stationeras i till exempel Polen eller Rum\u00e4nien f\u00f6r att d\u00e4r st\u00f6dja Ukraina.<\/p>\n<p><strong>L\u00e5ngsiktigt st\u00f6d till ukrainska f\u00f6rsvaret<\/strong><br \/>En central del av s\u00e4kerhetsgarantierna handlar om att s\u00e4kerst\u00e4lla att Ukrainas f\u00f6rsvarsmakt f\u00f6rblir stark och avskr\u00e4ckande. Koalitionen enades om att forts\u00e4tta leverera vapen och milit\u00e4r utrustning, finansiera den ukrainska milit\u00e4ren och ge praktiskt och tekniskt st\u00f6d f\u00f6r att bygga defensiva bef\u00e4stningar.<\/p>\n<p>Planeringen utg\u00e5r fr\u00e5n en ukrainsk arm\u00e9 p\u00e5 upp till 800 000 soldater, enligt Macron. F\u00f6r att kunna reagera snabbt vid ett framtida angrepp ska Ukraina ocks\u00e5 f\u00e5 tillg\u00e5ng till vapendep\u00e5er som kan leverera f\u00f6rst\u00e4rkning snabbt.<\/p>\n<p>Sveriges statsminister Ulf Kristersson <a href=\"https:\/\/www.expressen.se\/nyheter\/varlden\/sverige-redo-att-skicka-gripen-till-ukraina\/\" rel=\"nofollow noopener\" target=\"_blank\">meddelade enligt TT<\/a> efter m\u00f6tet att Sverige \u00e4r berett att bidra med Gripenflygplan f\u00f6r luft\u00f6vervakning samt minr\u00f6jningskapacitet i Svarta havet.<\/p>\n<p><strong>Bindande \u00e5taganden vid nya angrepp<\/strong><br \/>Deklarationen inneh\u00e5ller ocks\u00e5 ett l\u00f6fte om att f\u00e4rdigst\u00e4lla juridiskt bindande \u00e5taganden om hur koalitionen ska st\u00f6dja Ukraina vid ett framtida ryskt angrepp. Detta kan inkludera anv\u00e4ndning av milit\u00e4r kapacitet, underr\u00e4ttelse- och logistikst\u00f6d, diplomatiska initiativ och inf\u00f6rande av ytterligare sanktioner.<\/p>\n<p>F\u00f6r att detta ska bli verklighet kr\u00e4vs dock godk\u00e4nnande i respektive lands parlament. Zelenskyj betonade s\u00e4rskilt vikten av att den amerikanska kongressen st\u00e4ller sig bakom \u00e5tagandena.<\/p>\n<p>\u2013 Vi hoppas verkligen p\u00e5 det. Allt \u00e4r redo. Dokumenten \u00e4r klara. Nu \u00e5terst\u00e5r bara att v\u00e4nta och hoppas, sade Zelenskyj.<\/p>\n<p><strong>Territorialfr\u00e5gan kvarst\u00e5r<\/strong><br \/>Trots framstegen kvarst\u00e5r betydande utmaningar. Zelenskyj medgav att territorialfr\u00e5gan \u2013 vad som ska h\u00e4nda med de omr\u00e5den som Ryssland ockuperar \u2013 fortfarande \u00e4r det st\u00f6rsta hindret i fredsf\u00f6rhandlingarna.<\/p>\n<p>\u2013 Vi diskuterade n\u00e5gra id\u00e9er som kan hj\u00e4lpa. Om f\u00f6rhandlarna inte kan l\u00f6sa vissa fr\u00e5gor kan \u00e4rendet skjutas upp till ledarniv\u00e5, sade han.<\/p>\n<p>USA-s\u00e4ndebudet Witkoff bekr\u00e4ftade att territoriella fr\u00e5gor kommer att vara &#8221;den mest kritiska punkten&#8221; fram\u00f6ver och uttryckte f\u00f6rhoppning om att man ska kunna n\u00e5 kompromisser.<\/p>\n<p>En annan stor ovisshet \u00e4r hur Ryssland kommer att reagera. Moskva har genomg\u00e5ende avvisat m\u00f6jligheten att Nato-l\u00e4nders trupper placeras p\u00e5 ukrainskt territorium och har \u00e4nnu inte gett n\u00e5gra tecken p\u00e5 att vara redo f\u00f6r den typ av fredsuppg\u00f6relse som diskuteras.<\/p>\n<p>\u2013 Vi kan bara n\u00e5 en fredsuppg\u00f6relse om Putin \u00e4r redo att kompromissa. Och vi m\u00e5ste vara uppriktiga, Putin visar inte att han \u00e4r redo f\u00f6r fred, sade Starmer.<\/p>\n<p><strong>N\u00e4sta steg<\/strong><br \/>Det ukrainska f\u00f6rhandlingsteamet stannar kvar i Paris f\u00f6r fortsatta samtal med den amerikanska delegationen. Samordning mellan USA, Ukraina och koalitionen ska nu uppr\u00e4ttas vid koalitionens operativa h\u00f6gkvarter i Paris.<\/p>\n<p>Samtidigt p\u00e5g\u00e5r arbetet med att f\u00e4rdigst\u00e4lla bilaterala s\u00e4kerhetsgarantier mellan USA och Ukraina. Zelenskyj uttryckte f\u00f6rhoppning om att dessa ska kunna undertecknas inom kort.<\/p>\n<p>M\u00f6tet i Paris var det femtonde sedan de villigas koalition bildades i februari 2025, men det f\u00f6rsta d\u00e4r USA deltog med s\u00e5dan tyngd.<\/p>\n<p>Men m\u00f6tet \u00e4gde ocks\u00e5 rum i skuggan av Donald Trumps utspel om Gr\u00f6nland och den amerikanska milit\u00e4roperationen i Venezuela \u2013 h\u00e4ndelser som v\u00e4ckt fr\u00e5gor om USA:s p\u00e5litlighet som partner. Flera journalister st\u00e4llde fr\u00e5gor om huruvida Europa verkligen kan lita p\u00e5 amerikanska s\u00e4kerhetsgarantier.<\/p>\n<p>Macron tonade ned farh\u00e5gorna och pekade p\u00e5 det konkreta arbete som gjorts och de \u00e5taganden som l\u00e4mnats.<\/p>\n<p>\u2013 Den amerikanska n\u00e4rvaron h\u00e4r i dag, de mycket starka ord som sagts och det arbete som bedrivits med Amerikas f\u00f6renta stater f\u00f6r att genomf\u00f6ra detta system ger mig ingen anledning att f\u00f6lja n\u00e5gra teorier som ifr\u00e5gas\u00e4tter detta engagemang, sade han.<\/p>\n","protected":false},"excerpt":{"rendered":"F\u00f6retr\u00e4dare fr\u00e5n 35 l\u00e4nder, varav 27 stats- eller regeringschefer, samlades p\u00e5 tisdagen tillsammans med Ukrainas president Volodymyr Zelenskyj&hellip;\n","protected":false},"author":2,"featured_media":128247,"comment_status":"","ping_status":"","sticky":false,"template":"","format":"standard","meta":{"footnotes":""},"categories":[14],"tags":[22,23,26,27,17,21,24,25,28,29,15,16,18,34,31,33,32,30,19,20,51,52,53,54],"class_list":{"0":"post-130215","1":"post","2":"type-post","3":"status-publish","4":"format-standard","5":"has-post-thumbnail","7":"category-varlden","8":"tag-breaking-news","9":"tag-breakingnews","10":"tag-featured-news","11":"tag-featurednews","12":"tag-headlines","13":"tag-huvudnyheter","14":"tag-latest-news","15":"tag-latestnews","16":"tag-main-news","17":"tag-mainnews","18":"tag-news","19":"tag-nyheter","20":"tag-rubriker","21":"tag-se","22":"tag-svenska","23":"tag-sverige","24":"tag-sweden","25":"tag-swedish","26":"tag-top-stories","27":"tag-topstories","28":"tag-varlden","29":"tag-world","30":"tag-world-news","31":"tag-worldnews"},"share_on_mastodon":{"url":"https:\/\/pubeurope.com\/@se\/115863410634190230","error":""},"_links":{"self":[{"href":"https:\/\/www.europesays.com\/se\/wp-json\/wp\/v2\/posts\/130215","targetHints":{"allow":["GET"]}}],"collection":[{"href":"https:\/\/www.europesays.com\/se\/wp-json\/wp\/v2\/posts"}],"about":[{"href":"https:\/\/www.europesays.com\/se\/wp-json\/wp\/v2\/types\/post"}],"author":[{"embeddable":true,"href":"https:\/\/www.europesays.com\/se\/wp-json\/wp\/v2\/users\/2"}],"replies":[{"embeddable":true,"href":"https:\/\/www.europesays.com\/se\/wp-json\/wp\/v2\/comments?post=130215"}],"version-history":[{"count":0,"href":"https:\/\/www.europesays.com\/se\/wp-json\/wp\/v2\/posts\/130215\/revisions"}],"wp:featuredmedia":[{"embeddable":true,"href":"https:\/\/www.europesays.com\/se\/wp-json\/wp\/v2\/media\/128247"}],"wp:attachment":[{"href":"https:\/\/www.europesays.com\/se\/wp-json\/wp\/v2\/media?parent=130215"}],"wp:term":[{"taxonomy":"category","embeddable":true,"href":"https:\/\/www.europesays.com\/se\/wp-json\/wp\/v2\/categories?post=130215"},{"taxonomy":"post_tag","embeddable":true,"href":"https:\/\/www.europesays.com\/se\/wp-json\/wp\/v2\/tags?post=130215"}],"curies":[{"name":"wp","href":"https:\/\/api.w.org\/{rel}","templated":true}]}}