{"id":130216,"date":"2026-01-09T05:08:31","date_gmt":"2026-01-09T05:08:31","guid":{"rendered":"https:\/\/www.europesays.com\/se\/130216\/"},"modified":"2026-01-09T05:08:31","modified_gmt":"2026-01-09T05:08:31","slug":"08-januari-15-08-ran-goteborg","status":"publish","type":"post","link":"https:\/\/www.europesays.com\/se\/130216\/","title":{"rendered":"08 januari 15.08, R\u00e5n, G\u00f6teborg"},"content":{"rendered":"<p>&#13;<br \/>\n                &#13;<br \/>\n                &#13;<br \/>\n                    Uppdaterad 08 januari 17.04&#13;<br \/>\n                &#13;\n            <\/p>\n<p class=\"preamble\">&#13;<br \/>\n            En man i 35-\u00e5rs\u00e5ldern kontaktar polisen och uppger att han blivit r\u00e5nad av tv\u00e5 g\u00e4rningsm\u00e4n vid Axel Dahlstr\u00f6ms torg.&#13;\n        <\/p>\n<p>G\u00e4rningsm\u00e4nnen uppges ha misshandlat m\u00e5ls\u00e4gande och tilltvingat sig hans telefon och pl\u00e5nbok. M\u00e4nnen l\u00e4mnade d\u00e4refter i ok\u00e4nd riktning. Polis \u00e4r p\u00e5 plats.<\/p>\n<p><strong>Uppdatering 17:04<\/strong><br \/>M\u00e5ls\u00e4gande avf\u00f6rd till sjukhus. Vaken och talbar, i \u00f6vrigt ok\u00e4nt skadel\u00e4ge. Ingen misst\u00e4nkt g\u00e4rningsperson identifierad i nul\u00e4get.<\/p>\n<p>&#13;<br \/>\n            H\u00e4ndelsenotiserna ger kortfattad information om ett urval av de utryckningar som polisen g\u00f6r. Observera att det \u00e4r inledande uppgifter som ligger till grund f\u00f6r notiserna. Det betyder att uppgifterna kan komma att \u00e4ndras.&#13;\n        <\/p>\n","protected":false},"excerpt":{"rendered":"&#13; &#13; &#13; Uppdaterad 08 januari 17.04&#13; &#13; &#13; En man i 35-\u00e5rs\u00e5ldern kontaktar polisen och uppger att&hellip;\n","protected":false},"author":2,"featured_media":54,"comment_status":"","ping_status":"","sticky":false,"template":"","format":"standard","meta":{"footnotes":""},"categories":[12],"tags":[22,23,26,27,17,21,24,25,28,29,15,16,18,34,31,33,32,30,19,20],"class_list":{"0":"post-130216","1":"post","2":"type-post","3":"status-publish","4":"format-standard","5":"has-post-thumbnail","7":"category-sverige","8":"tag-breaking-news","9":"tag-breakingnews","10":"tag-featured-news","11":"tag-featurednews","12":"tag-headlines","13":"tag-huvudnyheter","14":"tag-latest-news","15":"tag-latestnews","16":"tag-main-news","17":"tag-mainnews","18":"tag-news","19":"tag-nyheter","20":"tag-rubriker","21":"tag-se","22":"tag-svenska","23":"tag-sverige","24":"tag-sweden","25":"tag-swedish","26":"tag-top-stories","27":"tag-topstories"},"share_on_mastodon":{"url":"https:\/\/pubeurope.com\/@se\/115863414541624726","error":""},"_links":{"self":[{"href":"https:\/\/www.europesays.com\/se\/wp-json\/wp\/v2\/posts\/130216","targetHints":{"allow":["GET"]}}],"collection":[{"href":"https:\/\/www.europesays.com\/se\/wp-json\/wp\/v2\/posts"}],"about":[{"href":"https:\/\/www.europesays.com\/se\/wp-json\/wp\/v2\/types\/post"}],"author":[{"embeddable":true,"href":"https:\/\/www.europesays.com\/se\/wp-json\/wp\/v2\/users\/2"}],"replies":[{"embeddable":true,"href":"https:\/\/www.europesays.com\/se\/wp-json\/wp\/v2\/comments?post=130216"}],"version-history":[{"count":0,"href":"https:\/\/www.europesays.com\/se\/wp-json\/wp\/v2\/posts\/130216\/revisions"}],"wp:featuredmedia":[{"embeddable":true,"href":"https:\/\/www.europesays.com\/se\/wp-json\/wp\/v2\/media\/54"}],"wp:attachment":[{"href":"https:\/\/www.europesays.com\/se\/wp-json\/wp\/v2\/media?parent=130216"}],"wp:term":[{"taxonomy":"category","embeddable":true,"href":"https:\/\/www.europesays.com\/se\/wp-json\/wp\/v2\/categories?post=130216"},{"taxonomy":"post_tag","embeddable":true,"href":"https:\/\/www.europesays.com\/se\/wp-json\/wp\/v2\/tags?post=130216"}],"curies":[{"name":"wp","href":"https:\/\/api.w.org\/{rel}","templated":true}]}}