{"id":130219,"date":"2026-01-09T05:16:31","date_gmt":"2026-01-09T05:16:31","guid":{"rendered":"https:\/\/www.europesays.com\/se\/130219\/"},"modified":"2026-01-09T05:16:31","modified_gmt":"2026-01-09T05:16:31","slug":"skoterklubben-undvik-korning-ar-inte-sakert-ljusnan","status":"publish","type":"post","link":"https:\/\/www.europesays.com\/se\/130219\/","title":{"rendered":"Skoterklubben: Undvik k\u00f6rning \u2013 \u00e4r inte s\u00e4kert &#8211; Ljusnan"},"content":{"rendered":"<ol>\n<li><a href=\"https:\/\/news.google.com\/rss\/articles\/CBMihAFBVV95cUxPbmM0THdaalFMWnEzUE1ETkhWUm5mTW1iUWZTRFVTLVB6ajNwcy04eGhaY0lYTUVtMlFNUERSVG9YMnVhWUVBOGFIcTRZWlRTRGNFQVF2WGZaQ0dUSmd1YjUteXB3d0M0SndKOTRtSlhIM2JtZzVUZ0hDOXZ2V3RYQTloS20?oc=5\" target=\"_blank\" rel=\"nofollow noopener\">Skoterklubben: Undvik k\u00f6rning \u2013 \u00e4r inte s\u00e4kert<\/a>&nbsp;&nbsp;Ljusnan<\/li>\n<li><a href=\"https:\/\/news.google.com\/rss\/articles\/CBMimgFBVV95cUxObmFBeGJyWG43WUF4UkxYSUE5SnEyTWpRR1l5M3l2M2t2bXJObFpaM3dqeWlsOElyVzhkV25rclZCeHhqYWMtZ2E2elpaelVFLXZQUWg3cWNxTXhMRnFVOWQ2OVB3NktYcENzcHhGQXdCTGRTQzN5Y1M5ZDhmWDBDemxhUTFENVhpMjAzdlpJcXRjVERmQVo2TEt3?oc=5\" target=\"_blank\" rel=\"nofollow noopener\">Enorma skogsskador efter stormen Johannes: \u201dSt\u00f6rsta p\u00e5 tio \u00e5r\u201d<\/a>&nbsp;&nbsp;SVT Nyheter<\/li>\n<li><a href=\"https:\/\/news.google.com\/rss\/articles\/CBMiigFBVV95cUxNM0c3VTVPQXRnczBDVDBCVURidTBVZ2J5VmUxVmVyMTVwVkgteUR5RENMNEo0M3RaRWZkNVpUd0xtMGVOQml4ZnRrTGJ5UzRScm91Y09PMDM1M0FGbHJEWWJQMlJzTEdBV09Ia29Bc3k3UXVXVHZFLW5YNUwtdW5WemU3VXVYSC1WSUE?oc=5\" target=\"_blank\" rel=\"nofollow noopener\">Skogsskador p\u00e5 tio miljoner skogskubikmeter<\/a>&nbsp;&nbsp;Aftonbladet<\/li>\n<li><a href=\"https:\/\/news.google.com\/rss\/articles\/CBMipgFBVV95cUxNcDdrb0gxaU51bFpnR09Kd0xTVnZ6RU1Kd1J4ME1laGtfSEFEc3pOaTl0RFZPRUlkbnlYMU42X0dXZmlLZ0Y3eEY3bGRDU281MWFPSDZ3aDJyMnZGTFFFR1BjUS0yaHNueVNMUmRmeVNJR2VLdnRPcUp1YjBfWTVNeE5IUXMyeVFkdE5EUzZVNTZmVGtZTk1tZERuemM4S25HelBvOXp3?oc=5\" target=\"_blank\" rel=\"nofollow noopener\">V\u00e4rsta stormskadorna p\u00e5 tio \u00e5r \u2013 G\u00e4vleborgs skogar drabbades h\u00e5rdast<\/a>&nbsp;&nbsp;Sveriges Radio<\/li>\n<li><a href=\"https:\/\/news.google.com\/rss\/articles\/CBMie0FVX3lxTFBEY296VV81b2ViZzF0RmU0Zjhpa3BYZWJEXzFWODZPV3FWTjFaZmNqWTlfckFPUEJoNzdwNDRMdmx0cEp4UFpOT2ZfTnNJaVo3WFYxSld2NUNZSUlrc1kxdG9JTlhyVThrRnllVlVEbkZpNkNiT0tYUTcxNA?oc=5\" target=\"_blank\" rel=\"nofollow noopener\">Skogs\u00e4gare h\u00e5rt drabbade \u2013 Helld\u00e9n lyssnade<\/a>&nbsp;&nbsp;Gefle Dagblad<\/li>\n<\/ol>\n","protected":false},"excerpt":{"rendered":"Skoterklubben: Undvik k\u00f6rning \u2013 \u00e4r inte s\u00e4kert&nbsp;&nbsp;Ljusnan Enorma skogsskador efter stormen Johannes: \u201dSt\u00f6rsta p\u00e5 tio \u00e5r\u201d&nbsp;&nbsp;SVT Nyheter Skogsskador&hellip;\n","protected":false},"author":2,"featured_media":130220,"comment_status":"","ping_status":"","sticky":false,"template":"","format":"standard","meta":{"footnotes":""},"categories":[12],"tags":[22,23,26,27,17,21,24,25,28,29,15,16,18,34,31,33,32,30,19,20],"class_list":{"0":"post-130219","1":"post","2":"type-post","3":"status-publish","4":"format-standard","5":"has-post-thumbnail","7":"category-sverige","8":"tag-breaking-news","9":"tag-breakingnews","10":"tag-featured-news","11":"tag-featurednews","12":"tag-headlines","13":"tag-huvudnyheter","14":"tag-latest-news","15":"tag-latestnews","16":"tag-main-news","17":"tag-mainnews","18":"tag-news","19":"tag-nyheter","20":"tag-rubriker","21":"tag-se","22":"tag-svenska","23":"tag-sverige","24":"tag-sweden","25":"tag-swedish","26":"tag-top-stories","27":"tag-topstories"},"share_on_mastodon":{"url":"https:\/\/pubeurope.com\/@se\/115863445998972278","error":""},"_links":{"self":[{"href":"https:\/\/www.europesays.com\/se\/wp-json\/wp\/v2\/posts\/130219","targetHints":{"allow":["GET"]}}],"collection":[{"href":"https:\/\/www.europesays.com\/se\/wp-json\/wp\/v2\/posts"}],"about":[{"href":"https:\/\/www.europesays.com\/se\/wp-json\/wp\/v2\/types\/post"}],"author":[{"embeddable":true,"href":"https:\/\/www.europesays.com\/se\/wp-json\/wp\/v2\/users\/2"}],"replies":[{"embeddable":true,"href":"https:\/\/www.europesays.com\/se\/wp-json\/wp\/v2\/comments?post=130219"}],"version-history":[{"count":0,"href":"https:\/\/www.europesays.com\/se\/wp-json\/wp\/v2\/posts\/130219\/revisions"}],"wp:featuredmedia":[{"embeddable":true,"href":"https:\/\/www.europesays.com\/se\/wp-json\/wp\/v2\/media\/130220"}],"wp:attachment":[{"href":"https:\/\/www.europesays.com\/se\/wp-json\/wp\/v2\/media?parent=130219"}],"wp:term":[{"taxonomy":"category","embeddable":true,"href":"https:\/\/www.europesays.com\/se\/wp-json\/wp\/v2\/categories?post=130219"},{"taxonomy":"post_tag","embeddable":true,"href":"https:\/\/www.europesays.com\/se\/wp-json\/wp\/v2\/tags?post=130219"}],"curies":[{"name":"wp","href":"https:\/\/api.w.org\/{rel}","templated":true}]}}