{"id":130223,"date":"2026-01-09T05:21:32","date_gmt":"2026-01-09T05:21:32","guid":{"rendered":"https:\/\/www.europesays.com\/se\/130223\/"},"modified":"2026-01-09T05:21:32","modified_gmt":"2026-01-09T05:21:32","slug":"ces-2026-asus-presenterar-varldens-forsta-wi-fi-8-router","status":"publish","type":"post","link":"https:\/\/www.europesays.com\/se\/130223\/","title":{"rendered":"CES 2026: Asus presenterar v\u00e4rldens f\u00f6rsta Wi-Fi 8-router"},"content":{"rendered":"<p class=\"first_para\">Las Vegas: Har du precis packat upp din nya, dyra Wi-Fi 7-router och \u00e4r glad \u00f6ver att du nu \u00e4r framtidss\u00e4krad f\u00f6r de n\u00e4rmaste \u00e5ren? D\u00e5 har vi b\u00e5de goda och d\u00e5liga nyheter. Den d\u00e5liga nyheten \u00e4r att Asus just har presenterat efterf\u00f6ljaren p\u00e5 CES i Las Vegas.<\/p>\n<p>Den goda nyheten \u00e4r att den ser ut som n\u00e5got som har fallit ner fr\u00e5n yttre rymden \u2013 och den heter <strong>ROG NeoCore<\/strong>. Och den lovar inte bara snabbt utan ocks\u00e5 mycket stabilare internet.<\/p>\n<p>En kritisk fulltr\u00e4ff<\/p>\n<p>Vi \u00e4r vana vid att routrar ser ut som d\u00f6da spindlar med antenner som sticker ut i alla riktningar, men Asus har denna g\u00e5ng valt en form som f\u00e5r rollspelare att k\u00e4nna sig hemma: en vit ikosaeder. P\u00e5 vanlig svenska: En 20-sidig t\u00e4rning (D20).<\/p>\n<p>Men det \u00e4r inneh\u00e5llet som r\u00e4knas. Asus NeoCore \u00e4r v\u00e4rldens f\u00f6rsta smygtitt p\u00e5 Wi-Fi 8 (802.11bn), och h\u00e4r \u00e4r \u00f6verraskningen: Det handlar inte om h\u00f6gre topphastighet.<\/p>\n<p>Ist\u00e4llet har Asus lagt all sin k\u00e4rlek p\u00e5 stabiliteten. Enligt pressmeddelandet levererar NeoCore upp till 6 g\u00e5nger l\u00e4gre P99-latens \u00e4n Wi-Fi 7.<\/p>\n<p>\u201dVad \u00e4r P99?\u201d kanske du undrar. Bra fr\u00e5ga: P99 t\u00e4cker de l\u00e5ngsammaste 1 % av datapaketen i din anslutning. Det \u00e4r inte genomsnittet som g\u00f6r att du blir skjuten runt ett h\u00f6rn i Counter-Strike, utan de pl\u00f6tsliga klumparna i datastr\u00f6mmen i form av f\u00f6rdr\u00f6jda datapaket. Wi-Fi 8 lovar att eliminera dessa genom att aggressivt samordna signalen med andra enheter (och till och med andra routrar via Coordinated Spatial Reuse), vilket ger dig en upplevelse som k\u00e4nns som en kabelanslutning.<\/p>\n<p>B\u00e4ttre t\u00e4ckning f\u00f6r det smarta hemmet<\/p>\n<p>F\u00f6rutom l\u00e4gre latens lovar Asus ocks\u00e5 dubbelt s\u00e5 bra t\u00e4ckning f\u00f6r dina smarta d\u00f6rrklockor och kylsk\u00e5p (IoT-enheter) och dubbelt s\u00e5 h\u00f6g hastighet p\u00e5 medell\u00e5ngt avst\u00e5nd.<\/p>\n<p>Men innan du i raseri sliter ut din nuvarande router ur v\u00e4ggen: NeoCore \u00e4r fortfarande ett koncept. Wi-Fi 8-standarden \u00e4r knappt f\u00e4rdig, och Asus r\u00e4knar inte med att sl\u00e4ppa de f\u00f6rsta riktiga produkterna f\u00f6rr\u00e4n senare under 2026.<\/p>\n<p>S\u00e5 du kan fortfarande njuta av din Wi-Fi 7-router ett tag till. Men f\u00f6rbered dig p\u00e5 en framtid som \u00e4r vit, kantig \u2013 och f\u00f6rmodligen mycket dyr.<\/p>\n<p>V\u00e4lkommen till n\u00e4sta niv\u00e5. Sl\u00e5 f\u00f6r initiativ.<\/p>\n<p><img fetchpriority=\"high\" decoding=\"async\" class=\"size-full wp-image-489100\" src=\"https:\/\/www.europesays.com\/se\/wp-content\/uploads\/2026\/01\/PXL_20260107_002220543.PORTRAIT-scaled.jpg\" alt=\"PXL 20260107 002220543.PORTRAIT scaled\" width=\"2560\" height=\"1440\" title=\"CES 2026: Asus presenterar v\u00e4rldens f\u00f6rsta Wi-Fi 8-router 1\"\/>(Foto: John Alex Hvidlykke)<\/p>\n<p>\nLjud &amp; Bild specificerar att reseomkostnaderna f\u00f6r detta reportage betalades av tillverkaren.\n<\/p>\n<p>    <a href=\"https:\/\/www.ljudochbild.se\/author\/john-hvidlykke\/\" rel=\"nofollow noopener\" target=\"_blank\"><br \/>\n        <img decoding=\"async\" style=\"border-radius:50px;width:90px;\" alt=\"John Hvidlykke\" src=\"https:\/\/www.europesays.com\/se\/wp-content\/uploads\/2025\/08\/john_hvidlykke.png\"\/> <\/a>   <\/p>\n<p>\n(f. 1964): Journalist. John har arbetat f\u00f6r Ljud &amp; Bild sedan 2013. Han skriver om hifi, h\u00f6gtalare, datorer, spel och teknikhistoria. John har \u00e4gnat sig \u00e5t teknikjournalistik sedan 1982(!) och har arbetat f\u00f6r m\u00e5nga olika tidskrifter i olika roller, bland annat GEAR, High Fidelity, Computer f\u00f6r alla, Illustrerad vetenskap, Ny elektronik, PC World och Privat Computer. Han har ocks\u00e5 skrivit m\u00e5nga b\u00f6cker och utbildningsprogram om IT.\n<\/p>\n<p>    <a href=\"https:\/\/www.ljudochbild.se\/arets-basta-home-produkter-2025-2026\/\" rel=\"nofollow noopener\" target=\"_blank\"> <img decoding=\"async\" src=\"https:\/\/www.europesays.com\/se\/wp-content\/uploads\/2025\/11\/Svensk-Home-1.png\"\/><\/a><\/p>\n","protected":false},"excerpt":{"rendered":"Las Vegas: Har du precis packat upp din nya, dyra Wi-Fi 7-router och \u00e4r glad \u00f6ver att du&hellip;\n","protected":false},"author":2,"featured_media":130224,"comment_status":"","ping_status":"","sticky":false,"template":"","format":"standard","meta":{"footnotes":""},"categories":[66],"tags":[80,78,79,34,31,33,32,30,81,84,83,82],"class_list":{"0":"post-130223","1":"post","2":"type-post","3":"status-publish","4":"format-standard","5":"has-post-thumbnail","7":"category-vetenskap-och-teknik","8":"tag-science","9":"tag-science-and-technology","10":"tag-scienceandtechnology","11":"tag-se","12":"tag-svenska","13":"tag-sverige","14":"tag-sweden","15":"tag-swedish","16":"tag-technology","17":"tag-teknik","18":"tag-vetenskap","19":"tag-vetenskapteknik"},"share_on_mastodon":{"url":"https:\/\/pubeurope.com\/@se\/115863465705188806","error":""},"_links":{"self":[{"href":"https:\/\/www.europesays.com\/se\/wp-json\/wp\/v2\/posts\/130223","targetHints":{"allow":["GET"]}}],"collection":[{"href":"https:\/\/www.europesays.com\/se\/wp-json\/wp\/v2\/posts"}],"about":[{"href":"https:\/\/www.europesays.com\/se\/wp-json\/wp\/v2\/types\/post"}],"author":[{"embeddable":true,"href":"https:\/\/www.europesays.com\/se\/wp-json\/wp\/v2\/users\/2"}],"replies":[{"embeddable":true,"href":"https:\/\/www.europesays.com\/se\/wp-json\/wp\/v2\/comments?post=130223"}],"version-history":[{"count":0,"href":"https:\/\/www.europesays.com\/se\/wp-json\/wp\/v2\/posts\/130223\/revisions"}],"wp:featuredmedia":[{"embeddable":true,"href":"https:\/\/www.europesays.com\/se\/wp-json\/wp\/v2\/media\/130224"}],"wp:attachment":[{"href":"https:\/\/www.europesays.com\/se\/wp-json\/wp\/v2\/media?parent=130223"}],"wp:term":[{"taxonomy":"category","embeddable":true,"href":"https:\/\/www.europesays.com\/se\/wp-json\/wp\/v2\/categories?post=130223"},{"taxonomy":"post_tag","embeddable":true,"href":"https:\/\/www.europesays.com\/se\/wp-json\/wp\/v2\/tags?post=130223"}],"curies":[{"name":"wp","href":"https:\/\/api.w.org\/{rel}","templated":true}]}}