{"id":130225,"date":"2026-01-09T05:22:07","date_gmt":"2026-01-09T05:22:07","guid":{"rendered":"https:\/\/www.europesays.com\/se\/130225\/"},"modified":"2026-01-09T05:22:07","modified_gmt":"2026-01-09T05:22:07","slug":"fortsatt-forhojd-terrorhotniva-i-allvarligt-sakerhetslage","status":"publish","type":"post","link":"https:\/\/www.europesays.com\/se\/130225\/","title":{"rendered":"Fortsatt f\u00f6rh\u00f6jd terrorhotniv\u00e5 i allvarligt s\u00e4kerhetsl\u00e4ge"},"content":{"rendered":"<p class=\"s-p\">Det \u00e4r en samlad l\u00e4gesbild som ligger till grund f\u00f6r det f\u00f6rnyade beslutet kring terrorhotniv\u00e5n. Dels ing\u00e5r en aktuell hel\u00e5rsbed\u00f6mning fr\u00e5n Nationellt centrum f\u00f6r terrorhotbed\u00f6mning (NCT), dels S\u00e4kerhetspolisens kontinuerliga bed\u00f6mningar av attentatshotet.<\/p>\n<p class=\"s-p\">\u2013 H\u00e4ndelser i omv\u00e4rlden kan snabbt p\u00e5verka hotet. Det har den senaste tiden intr\u00e4ffat allvarliga incidenter och attentat i Europa och Australien. Konflikter, krig och spridning av propaganda kan bidra till att en h\u00e4ndelse i en annan del av v\u00e4rlden kan p\u00e5verka svensk s\u00e4kerhet. Detta m\u00e5ste vi vara vaksamma mot f\u00f6r att kunna agera i tid, s\u00e4ger s\u00e4kerhetspolischef Charlotte von Essen.<\/p>\n<p class=\"s-p\">Attentatshotet mot Sverige utg\u00f6rs fr\u00e4mst av ensamagerande individer eller mindre grupper som agerar mot tillg\u00e4ngliga m\u00e5l med enklare medel. Avsikten att beg\u00e5 terrorattentat kan ofta h\u00e4rledas till en verklig eller upplevd h\u00e4ndelse eller omst\u00e4ndighet som fungerar som utl\u00f6sande faktor. Hotet kommer framf\u00f6rallt fr\u00e5n v\u00e5ldsbejakande islamism och v\u00e5ldsbejakande h\u00f6gerextremism.<\/p>\n<p class=\"s-p\">Den v\u00e5ldsbejakande islamismen i Sverige best\u00e5r i f\u00f6rsta hand av st\u00f6djande verksamhet i form av radikalisering, rekrytering och finansiering. Den v\u00e5ldsbejakande h\u00f6gerextremismen karakt\u00e4riseras av stor variation och olika m\u00e5ls\u00e4ttningar. Det f\u00f6rekommer mer etablerade organisationer men tillv\u00e4xten sker framf\u00f6rallt i mer l\u00f6st sammansatta n\u00e4tverk och grupper p\u00e5 n\u00e4tet.<\/p>\n<p class=\"s-p\">S\u00e4kerhetspolisen ser samtidigt en utveckling d\u00e4r v\u00e5ldet i sig kan vara \u00f6verordnat de ideologiska drivkrafterna. Det inneb\u00e4r att individer \u00e4r mer ben\u00e4gna att r\u00f6ra sig mellan olika grupper och sammanhang d\u00e4r v\u00e5ld f\u00f6respr\u00e5kas. R\u00f6rligheten bidrar ocks\u00e5 till att individer i allt st\u00f6rre utstr\u00e4ckning kan forma sin egen ideologi utifr\u00e5n de sammanhang de befinner sig i.<\/p>\n<p class=\"s-p\">Den samlade hotbilden mot Sverige \u00e4r fortsatt allvarlig. Det \u00e4r framf\u00f6r allt ryska m\u00e5ls\u00e4ttningar och s\u00e4kerhetshotande verksamhet i n\u00e4romr\u00e5det som bidrar till det. Ryssland utg\u00f6r fortsatt det st\u00f6rsta hotet mot Sverige.<\/p>\n<p class=\"s-p\">Ryska underr\u00e4ttelse- och s\u00e4kerhetstj\u00e4nster bedriver fr\u00e4mst underr\u00e4ttelseverksamhet, p\u00e5verkansoperationer och anskaffar teknik. Det finns ocks\u00e5 ett hot om sabotage fr\u00e5n Ryssland riktat mot v\u00e4sts st\u00f6d till Ukraina. Sedan den ryska invasionen av Ukraina \u00e4r deras agerande \u00e4ven utanf\u00f6r konfliktomr\u00e5det mer riskben\u00e4get och opportunistiskt.<\/p>\n<p class=\"s-p\">S\u00e4kerhetspolisens bed\u00f6mning \u00e4r att den ryska s\u00e4kerhetshotande verksamheten kan komma att \u00f6ka i omfattning och allvar. Utvecklingen pr\u00e4glas av ett mer offensivt agerande med dold p\u00e5verkansverksamhet mot europeiska l\u00e4nder, inklusive Sverige.<\/p>\n<p class=\"s-p\">\u2013 H\u00e4ndelseutvecklingen i omv\u00e4rlden k\u00e4nnetecknas av os\u00e4kerhet och snabba f\u00f6r\u00e4ndringar. Som s\u00e4kerhetstj\u00e4nst har vi att bed\u00f6ma hur yttre hot och omst\u00e4ndigheter p\u00e5verkar Sveriges inre s\u00e4kerhet. S\u00e4kerhetsl\u00e4get \u00e4r fortsatt allvarligt och hotbilden mot Sverige bed\u00f6ms forts\u00e4tta i en f\u00f6rs\u00e4mrad riktning under de n\u00e4rmaste \u00e5ren. Det \u00e4r vi beredda p\u00e5, s\u00e4ger Charlotte von Essen.<\/p>\n<p class=\"s-p\">Den tekniska utvecklingen medf\u00f6r \u00e4ven att f\u00f6rm\u00e5gan \u00f6kar hos hotakt\u00f6rer att kunna angripa m\u00e5l med h\u00f6ga skyddsv\u00e4rden. Det inneb\u00e4r en utveckling d\u00e4r S\u00e4kerhetspolisen beh\u00f6ver hantera en \u00f6kad m\u00e4ngd s\u00e4kerhetshot som skulle kunna f\u00e5 allvarliga konsekvenser.<\/p>\n<p class=\"s-p\">\u2013 Men allt som p\u00e5g\u00e5r ligger inte fr\u00e4mmande makt bakom. Vi beh\u00f6ver fortsatt vara p\u00e5 t\u00e5, agera och unders\u00f6ka misst\u00e4nkta incidenter. Samtidigt \u00e4r det viktigt att inte dra f\u00f6rhastade slutsatser, s\u00e4ger Charlotte von Essen.<\/p>\n","protected":false},"excerpt":{"rendered":"Det \u00e4r en samlad l\u00e4gesbild som ligger till grund f\u00f6r det f\u00f6rnyade beslutet kring terrorhotniv\u00e5n. Dels ing\u00e5r en&hellip;\n","protected":false},"author":2,"featured_media":23267,"comment_status":"","ping_status":"","sticky":false,"template":"","format":"standard","meta":{"footnotes":""},"categories":[65],"tags":[72,70,71,34,31,33,32,30],"class_list":{"0":"post-130225","1":"post","2":"type-post","3":"status-publish","4":"format-standard","5":"has-post-thumbnail","7":"category-ekonomi","8":"tag-business","9":"tag-economy","10":"tag-ekonomi","11":"tag-se","12":"tag-svenska","13":"tag-sverige","14":"tag-sweden","15":"tag-swedish"},"share_on_mastodon":{"url":"https:\/\/pubeurope.com\/@se\/115863469634362880","error":""},"_links":{"self":[{"href":"https:\/\/www.europesays.com\/se\/wp-json\/wp\/v2\/posts\/130225","targetHints":{"allow":["GET"]}}],"collection":[{"href":"https:\/\/www.europesays.com\/se\/wp-json\/wp\/v2\/posts"}],"about":[{"href":"https:\/\/www.europesays.com\/se\/wp-json\/wp\/v2\/types\/post"}],"author":[{"embeddable":true,"href":"https:\/\/www.europesays.com\/se\/wp-json\/wp\/v2\/users\/2"}],"replies":[{"embeddable":true,"href":"https:\/\/www.europesays.com\/se\/wp-json\/wp\/v2\/comments?post=130225"}],"version-history":[{"count":0,"href":"https:\/\/www.europesays.com\/se\/wp-json\/wp\/v2\/posts\/130225\/revisions"}],"wp:featuredmedia":[{"embeddable":true,"href":"https:\/\/www.europesays.com\/se\/wp-json\/wp\/v2\/media\/23267"}],"wp:attachment":[{"href":"https:\/\/www.europesays.com\/se\/wp-json\/wp\/v2\/media?parent=130225"}],"wp:term":[{"taxonomy":"category","embeddable":true,"href":"https:\/\/www.europesays.com\/se\/wp-json\/wp\/v2\/categories?post=130225"},{"taxonomy":"post_tag","embeddable":true,"href":"https:\/\/www.europesays.com\/se\/wp-json\/wp\/v2\/tags?post=130225"}],"curies":[{"name":"wp","href":"https:\/\/api.w.org\/{rel}","templated":true}]}}