{"id":130226,"date":"2026-01-09T05:24:43","date_gmt":"2026-01-09T05:24:43","guid":{"rendered":"https:\/\/www.europesays.com\/se\/130226\/"},"modified":"2026-01-09T05:24:43","modified_gmt":"2026-01-09T05:24:43","slug":"myndigheter-ska-rapportera-kostnader-for-kommunikation","status":"publish","type":"post","link":"https:\/\/www.europesays.com\/se\/130226\/","title":{"rendered":"Myndigheter ska rapportera kostnader f\u00f6r kommunikation"},"content":{"rendered":"<p>&#13;<br \/>\nTrettio myndigheter, inklusive l\u00e4nsstyrelserna, ska redovisa kostnaderna f\u00f6r sin informations- och kommunikationsverksamhet. Redovisningen ska \u00e4ven visa hur kommunikationsinsatserna bidragit till myndighetens k\u00e4rnuppgifter.<\/p>\n<p>Redovisningen kan exempelvis inneh\u00e5lla uppgifter om kostnader f\u00f6r profilprodukter, annonskampanjer och publikationer. Myndigheterna ska \u00e4ven motivera hur det bidragit till att uppfylla myndighetens k\u00e4rnuppdrag.<\/p>\n<p>\u2013 Skattebetalarnas pengar ska alltid anv\u00e4ndas p\u00e5 ett ansvarsfullt och effektivt s\u00e4tt. Det \u00e4r med en stark k\u00e4rnverksamhet som vi bygger f\u00f6rtroende f\u00f6r staten, inte genom varum\u00e4rkesbyggande, s\u00e4ger civilminister Erik Slottner.<\/p>\n<p>F\u00f6r att s\u00e4kerst\u00e4lla att myndigheternas resurser anv\u00e4nds effektivt och att deras kommunikationsverksamhet bidrar till k\u00e4rnuppgifterna har regeringen beslutat om ett \u00e5terrapporteringskrav i regleringsbrev f\u00f6r 2026. I \u00e5terrapporteringen ska myndigheterna motivera sina val av kommunikationsmedel.<\/p>\n<p>\u00c5terrapporteringskravet inneb\u00e4r att regeringen f\u00e5r ett tydligare underlag f\u00f6r att f\u00f6lja upp hur statliga medel anv\u00e4nds inom kommunikationsomr\u00e5det. Redovisningen \u00e4r en del av regeringens fortsatta arbete med att st\u00e4rka effektiviteten och transparensen i statsf\u00f6rvaltningen.<\/p>\n","protected":false},"excerpt":{"rendered":"&#13; Trettio myndigheter, inklusive l\u00e4nsstyrelserna, ska redovisa kostnaderna f\u00f6r sin informations- och kommunikationsverksamhet. Redovisningen ska \u00e4ven visa hur&hellip;\n","protected":false},"author":2,"featured_media":67452,"comment_status":"","ping_status":"","sticky":false,"template":"","format":"standard","meta":{"footnotes":""},"categories":[12],"tags":[22,23,26,27,17,21,24,25,28,29,15,16,18,34,31,33,32,30,19,20],"class_list":{"0":"post-130226","1":"post","2":"type-post","3":"status-publish","4":"format-standard","5":"has-post-thumbnail","7":"category-sverige","8":"tag-breaking-news","9":"tag-breakingnews","10":"tag-featured-news","11":"tag-featurednews","12":"tag-headlines","13":"tag-huvudnyheter","14":"tag-latest-news","15":"tag-latestnews","16":"tag-main-news","17":"tag-mainnews","18":"tag-news","19":"tag-nyheter","20":"tag-rubriker","21":"tag-se","22":"tag-svenska","23":"tag-sverige","24":"tag-sweden","25":"tag-swedish","26":"tag-top-stories","27":"tag-topstories"},"share_on_mastodon":{"url":"https:\/\/pubeurope.com\/@se\/115863477426412208","error":""},"_links":{"self":[{"href":"https:\/\/www.europesays.com\/se\/wp-json\/wp\/v2\/posts\/130226","targetHints":{"allow":["GET"]}}],"collection":[{"href":"https:\/\/www.europesays.com\/se\/wp-json\/wp\/v2\/posts"}],"about":[{"href":"https:\/\/www.europesays.com\/se\/wp-json\/wp\/v2\/types\/post"}],"author":[{"embeddable":true,"href":"https:\/\/www.europesays.com\/se\/wp-json\/wp\/v2\/users\/2"}],"replies":[{"embeddable":true,"href":"https:\/\/www.europesays.com\/se\/wp-json\/wp\/v2\/comments?post=130226"}],"version-history":[{"count":0,"href":"https:\/\/www.europesays.com\/se\/wp-json\/wp\/v2\/posts\/130226\/revisions"}],"wp:featuredmedia":[{"embeddable":true,"href":"https:\/\/www.europesays.com\/se\/wp-json\/wp\/v2\/media\/67452"}],"wp:attachment":[{"href":"https:\/\/www.europesays.com\/se\/wp-json\/wp\/v2\/media?parent=130226"}],"wp:term":[{"taxonomy":"category","embeddable":true,"href":"https:\/\/www.europesays.com\/se\/wp-json\/wp\/v2\/categories?post=130226"},{"taxonomy":"post_tag","embeddable":true,"href":"https:\/\/www.europesays.com\/se\/wp-json\/wp\/v2\/tags?post=130226"}],"curies":[{"name":"wp","href":"https:\/\/api.w.org\/{rel}","templated":true}]}}