{"id":130227,"date":"2026-01-09T05:27:11","date_gmt":"2026-01-09T05:27:11","guid":{"rendered":"https:\/\/www.europesays.com\/se\/130227\/"},"modified":"2026-01-09T05:27:11","modified_gmt":"2026-01-09T05:27:11","slug":"marcus-hardegard-skadad-efter-tackling-av-felix-nilsson","status":"publish","type":"post","link":"https:\/\/www.europesays.com\/se\/130227\/","title":{"rendered":"Marcus Hardeg\u00e5rd skadad efter tackling av Felix Nilsson"},"content":{"rendered":"<p><strong>Marcus Hardeg\u00e5rd har utg\u00e5tt skadad i matchen mellan <a href=\"https:\/\/hockeysverige.se\/klubb\/timra-ik\" rel=\"nofollow noopener\" target=\"_blank\">Timr\u00e5<\/a> och <a href=\"https:\/\/hockeysverige.se\/klubb\/rogle-bk\" rel=\"nofollow noopener\" target=\"_blank\">R\u00f6gle<\/a>. <br \/>Detta efter en tackling av <a href=\"https:\/\/hockeysverige.se\/spelare\/felix-nilsson\" rel=\"nofollow noopener\" target=\"_blank\">Felix Nilsson<\/a> som slutade med en tv\u00e5minutersutvisning. <br \/>\u2013 Han kan ju skippa knuffen i ryggen, tycker jag. Hardeg\u00e5rd \u00e4r i ett ganska utsatt l\u00e4ge d\u00e4r, s\u00e4ger experten <a href=\"https:\/\/hockeysverige.se\/spelare\/oscar-moller\" rel=\"nofollow noopener\" target=\"_blank\">Oscar M\u00f6ller<\/a>. <\/strong><br \/><strong>\u2013 Jag ber om urs\u00e4kt f\u00f6r den, den var lite on\u00f6dig, s\u00e4ger Felix Nilsson till TV4.<\/strong><\/p>\n<p><img loading=\"lazy\" decoding=\"async\" width=\"1024\" height=\"658\" src=\"https:\/\/www.europesays.com\/se\/wp-content\/uploads\/2026\/01\/Hardegard-skada-1024x658.webp.webp\" alt=\"Marcus Hardeg\u00e5rd. Felix Nilsson. Timr\u00e5. R\u00f6gle.\" class=\"wp-image-343262\"  \/>Marcus Hardeg\u00e5rd fick kliva av efter tacklingen av Felix Nilsson. <strong>Foto: <\/strong>P\u00e4r Olert\/Bildbyr\u00e5n &amp; TV4\/Sk\u00e4rmdump<\/p>\n<p>I andra perioden mellan Timr\u00e5 och R\u00f6gle intr\u00e4ffade en uppm\u00e4rksammad situation. <\/p>\n<p>Timr\u00e5backen Marcus Hardeg\u00e5rd har pucken vid sargen och v\u00e4nder runt i samband med att han ska dumpa ner pucken i offensiv zon. Precis efter att Hardeg\u00e5rd har skickat iv\u00e4g pucken kommer R\u00f6gle-forwarden Felix Nilsson och delar ut en tackling i ryggen p\u00e5 Hardeg\u00e5rd som faller fram\u00e5t, med ansiktet f\u00f6rst, in i sargkanten. Hardeg\u00e5rd blev liggandes p\u00e5 isen under en l\u00e4ngre tid innan han kom upp p\u00e5 benen. Backen gick sedan direkt ut i omkl\u00e4dningsrummet. <\/p>\n<p>Felix Nilsson: \u201dHoppas bara att det \u00e4r bra med honom\u201d<\/p>\n<p>Domarna valde sedan att videogranska situationen f\u00f6r att se om det skulle bli matchstraff efter Felix Nilssons tackling. <\/p>\n<p>\u2013 Felix Nilsson f\u00f6rs\u00f6ker fullf\u00f6lja tacklingen. Han kan ju skippa knuffen i ryggen d\u00e4r tycker jag. Hardeg\u00e5rd \u00e4r ju i ett ganska utsatt l\u00e4ge d\u00e4r ocks\u00e5. Man har ju sett fulare tacklingar f\u00e5 ett mindre straff s\u00e5 att s\u00e4ga, s\u00e4ger TV4:s expertkommentator Oscar M\u00f6ller i s\u00e4ndningen. <\/p>\n<p>Efter videobed\u00f6mning v\u00e4ljer domarna d\u00e4remot att \u00e4ndra sitt beslut. I st\u00e4llet f\u00f6r en femma f\u00e5r Nilsson en tv\u00e5minutersutvisning f\u00f6r \u201dboarding\u201d. <\/p>\n<p>\u2013 Det \u00e4r r\u00e4tt d\u00f6mt, tycker jag, \u00e4ven om det \u00e4r ett k\u00e4nsligt l\u00e4ge. Det ska ju s\u00e5klart leda till n\u00e5gon slags utvisning men det mindre straffet blir bra d\u00e4r, s\u00e4ger M\u00f6ller.<\/p>\n<p>Felix Nilsson fick allts\u00e5 forts\u00e4tta spela i matchen efter sin utvisning medan Marcus Hardeg\u00e5rd allts\u00e5 l\u00e4mnade matchen skadad. I pausen bad sedan Nilsson om urs\u00e4kt efter sm\u00e4llen. <\/p>\n<p>\u2013 Jag f\u00f6rs\u00f6ker backchecka hem och ska fullf\u00f6lja d\u00e4r. Han v\u00e4nder upp och tacklingen kommer i ryggen. Det \u00e4r s\u00e5klart inte meningen. Jag hoppas bara att det \u00e4r bra med honom. Det \u00e4r det som \u00e4r det viktiga. Om det \u00e4r en femma eller en tv\u00e5a, det skiter jag lite i n\u00e4r det \u00e4r en s\u00e5dan situation. Det viktigaste \u00e4r att det \u00e4r bra med honom. Jag ber om urs\u00e4kt f\u00f6r den, den var lite on\u00f6dig, s\u00e4ger han till TV4.<\/p>\n<p>Timr\u00e5 vann sedan matchen med 4-1. <\/p>\n<p> Source: <a href=\"https:\/\/www.eliteprospects.com\/player\/201585\/marcus-hardegard\" target=\"_blank\" rel=\"noopener noreferrer nofollow\">Marcus Hardeg\u00e5rd<\/a> @ Elite Prospects<\/p>\n<p> Source: <a href=\"https:\/\/www.eliteprospects.com\/player\/702288\/felix-nilsson\" target=\"_blank\" rel=\"noopener noreferrer nofollow\">Felix Nilsson<\/a> @ Elite Prospects<\/p>\n","protected":false},"excerpt":{"rendered":"Marcus Hardeg\u00e5rd har utg\u00e5tt skadad i matchen mellan Timr\u00e5 och R\u00f6gle. Detta efter en tackling av Felix Nilsson&hellip;\n","protected":false},"author":2,"featured_media":130228,"comment_status":"","ping_status":"","sticky":false,"template":"","format":"standard","meta":{"footnotes":""},"categories":[68],"tags":[34,133,134,111,110,31,33,32,30],"class_list":{"0":"post-130227","1":"post","2":"type-post","3":"status-publish","4":"format-standard","5":"has-post-thumbnail","7":"category-sport","8":"tag-se","9":"tag-second-news","10":"tag-shl","11":"tag-sport","12":"tag-sports","13":"tag-svenska","14":"tag-sverige","15":"tag-sweden","16":"tag-swedish"},"share_on_mastodon":{"url":"https:\/\/pubeurope.com\/@se\/115863489276646567","error":""},"_links":{"self":[{"href":"https:\/\/www.europesays.com\/se\/wp-json\/wp\/v2\/posts\/130227","targetHints":{"allow":["GET"]}}],"collection":[{"href":"https:\/\/www.europesays.com\/se\/wp-json\/wp\/v2\/posts"}],"about":[{"href":"https:\/\/www.europesays.com\/se\/wp-json\/wp\/v2\/types\/post"}],"author":[{"embeddable":true,"href":"https:\/\/www.europesays.com\/se\/wp-json\/wp\/v2\/users\/2"}],"replies":[{"embeddable":true,"href":"https:\/\/www.europesays.com\/se\/wp-json\/wp\/v2\/comments?post=130227"}],"version-history":[{"count":0,"href":"https:\/\/www.europesays.com\/se\/wp-json\/wp\/v2\/posts\/130227\/revisions"}],"wp:featuredmedia":[{"embeddable":true,"href":"https:\/\/www.europesays.com\/se\/wp-json\/wp\/v2\/media\/130228"}],"wp:attachment":[{"href":"https:\/\/www.europesays.com\/se\/wp-json\/wp\/v2\/media?parent=130227"}],"wp:term":[{"taxonomy":"category","embeddable":true,"href":"https:\/\/www.europesays.com\/se\/wp-json\/wp\/v2\/categories?post=130227"},{"taxonomy":"post_tag","embeddable":true,"href":"https:\/\/www.europesays.com\/se\/wp-json\/wp\/v2\/tags?post=130227"}],"curies":[{"name":"wp","href":"https:\/\/api.w.org\/{rel}","templated":true}]}}