{"id":130229,"date":"2026-01-09T05:30:42","date_gmt":"2026-01-09T05:30:42","guid":{"rendered":"https:\/\/www.europesays.com\/se\/130229\/"},"modified":"2026-01-09T05:30:42","modified_gmt":"2026-01-09T05:30:42","slug":"ikea-och-sabine-marcelis-tar-varmblixt-till-nasta-niva-nu-med-smart-ljus-och-farg","status":"publish","type":"post","link":"https:\/\/www.europesays.com\/se\/130229\/","title":{"rendered":"IKEA och Sabine Marcelis tar VARMBLIXT till n\u00e4sta niv\u00e5 \u2013 nu med smart ljus och f\u00e4rg"},"content":{"rendered":"\n<p>Publicerad den 7 januari 2026 av Metro Mode<\/p>\n<p><strong>Den ikoniska VARMBLIXT-kollektionen \u00e4r tillbaka \u2013 och den h\u00e4r g\u00e5ngen smartare \u00e4n n\u00e5gonsin. IKEA och formgivaren Sabine Marcelis ger nytt liv \u00e5t de hyllade lamporna genom uppdaterade versioner som kombinerar design, teknik och st\u00e4mning. Samtidigt bekr\u00e4ftas att samarbetet forts\u00e4tter med en helt ny kollektion planerad till 2027.<\/strong><\/p>\n<p><img loading=\"lazy\" decoding=\"async\" width=\"1200\" height=\"800\" src=\"https:\/\/www.europesays.com\/se\/wp-content\/uploads\/2026\/01\/ikea-och-sabine-marcelis-tar-varmblixt-till-nasta-niva-nu-med-smart-ljus-och-farg.jpg\" alt=\"\" class=\"wp-image-411842\"\/>Foto: IKEA<\/p>\n<p>Sedan lanseringen f\u00f6r drygt tre \u00e5r sedan har VARMBLIXT blivit en riktig designfavorit. Framf\u00f6r allt den runda donutlampan har tagit sociala medier och inredningsv\u00e4rlden med storm \u2013 tack vare sin skulpturala form och sitt varma, st\u00e4mningsfulla ljus.<\/p>\n<p>Nu tar IKEA och Sabine Marcelis kollektionen ett steg l\u00e4ngre.<\/p>\n<p><strong>L\u00e4s \u00e4ven: <\/strong><\/p>\n<p><strong><a href=\"https:\/\/metromode.se\/home\/ikea-fyndet-alla-pratar-om-overkastet-som-ser-lyxigt-ut-men-kostar-under-1-000-kr\/\" rel=\"nofollow noopener\" target=\"_blank\">IKEA-fyndet alla pratar om \u2013 \u00f6verkastet som ser lyxigt ut (men kostar under 1 000 kr)<\/a><\/strong><\/p>\n<p><strong><a href=\"https:\/\/metromode.se\/home\/8-ikea-fynd-som-ger-dyr-kansla-hemma-utan-att-spracka-budgeten\/\" rel=\"nofollow noopener\" target=\"_blank\">8 IKEA-fynd som ger dyr k\u00e4nsla hemma \u2013 utan att spr\u00e4cka budgeten!<\/a><\/strong><\/p>\n<p><strong><a href=\"https:\/\/metromode.se\/home\/dyr-look-i-koket-med-ikea-runt-2-000-kronor\/\" rel=\"nofollow noopener\" target=\"_blank\">Dyr look i k\u00f6ket med IKEA \u2013 runt 2 000 kronor!<\/a><\/strong><\/p>\n<p><strong><a href=\"https:\/\/metromode.se\/home\/10-ikea-kop-som-inredare-alskar-och-som-alltid-funkar-hemma\/\" rel=\"nofollow noopener\" target=\"_blank\">10 IKEA-k\u00f6p som inredare \u00e4lskar \u2013 och som alltid funkar hemma!<\/a><\/strong><\/p>\n<p><img loading=\"lazy\" decoding=\"async\" width=\"1200\" height=\"1200\" src=\"https:\/\/www.europesays.com\/se\/wp-content\/uploads\/2026\/01\/ikea-varmblixt-ny-1200x1200.jpg\" alt=\"\" class=\"wp-image-411847\"\/>Foto: IKEA<\/p>\n<p><strong>Samma ikoniska form \u2013 helt nya m\u00f6jligheter<\/strong><\/p>\n<p>De nya VARMBLIXT-lamporna beh\u00e5ller sina v\u00e4lk\u00e4nda former, men har uppdaterats med smarta funktioner. Ljuset \u00e4r nu b\u00e5de dimningsbart och f\u00e4rgjusterbart, vilket g\u00f6r det enkelt att f\u00f6r\u00e4ndra rummets atmosf\u00e4r \u2013 fr\u00e5n lugnt och mjukt till mer dramatiskt och uttrycksfullt.<\/p>\n<p>\u2013 Den h\u00e4r g\u00e5ngen har vi fokuserat p\u00e5 vad vi kunde utforska vidare inom den ikoniska donutformen. I den uppdaterade versionen l\u00e5ter den matta ytan ljuset lysa mjukt inifr\u00e5n. Det \u00e4r en naturlig utveckling av hur ljus kan upplevas, s\u00e4ger Sabine Marcelis.<\/p>\n<p><img loading=\"lazy\" decoding=\"async\" width=\"571\" height=\"800\" src=\"https:\/\/www.europesays.com\/se\/wp-content\/uploads\/2026\/01\/ijkea-varmblixt-sabine-marcelis-e1767799179911.jpg\" alt=\"\" class=\"wp-image-411850\"\/>Foto: IKEA<\/p>\n<p>Den smarta donutlampan f\u00e5r en matt vit glasyta och kan skifta mellan ett brett spektrum av f\u00e4rger som f\u00f6r\u00e4ndrar k\u00e4nslan i rummet p\u00e5 ett subtilt och elegant s\u00e4tt.<\/p>\n<p><img loading=\"lazy\" decoding=\"async\" width=\"1200\" height=\"1200\" src=\"https:\/\/www.europesays.com\/se\/wp-content\/uploads\/2026\/01\/ikea-varmblixt-1200x1200.jpg\" alt=\"\" class=\"wp-image-411845\"\/>Foto: IKEA<\/p>\n<p><strong>F\u00e4rger som skapar k\u00e4nsla \u2013 inte kontrast<\/strong><\/p>\n<p>Med den medf\u00f6ljande BILRESA-fj\u00e4rrkontrollen kan lampan v\u00e4xla mellan tolv f\u00f6rinst\u00e4llda f\u00e4rger, personligen utvalda av Sabine Marcelis. F\u00e4rgpaletten r\u00f6r sig fr\u00e5n olika toner av vitt ljus till b\u00e4rnsten, varmt r\u00f6tt, mjukt rosa, lavendel, turkos och gula nyanser \u2013 innan den l\u00e5ngsamt \u00e5terg\u00e5r till vitt.<\/p>\n<p>\u2013 Det unika \u00e4r hur f\u00e4rgerna \u00f6verg\u00e5r i varandra. Ljuset r\u00f6r sig mjukt genom nyanserna och f\u00f6r\u00e4ndrar rummet gradvis, snarare \u00e4n abrupt, s\u00e4ger Marcelis.<\/p>\n<p>F\u00f6r den som vill ha \u00e4nnu mer kontroll g\u00e5r lampan att koppla till IKEA Home smart-appen via hubben DIRIGERA, vilket ger tillg\u00e5ng till \u00f6ver 40 f\u00e4rgnyanser.<\/p>\n<p><img loading=\"lazy\" decoding=\"async\" width=\"1200\" height=\"1200\" src=\"https:\/\/www.europesays.com\/se\/wp-content\/uploads\/2026\/01\/varblixt-ikea-1200x1200.jpg\" alt=\"\" class=\"wp-image-411848\"\/>Foto: IKEA<\/p>\n<p><strong>Pendellampan f\u00f6r perfekt vitt ljus<\/strong><\/p>\n<p>Ut\u00f6ver donutlampan uppdateras \u00e4ven VARMBLIXT pendellampa, med fokus p\u00e5 nyanser av vitt. Den kan justeras fr\u00e5n kallt dagsljus till ett varmt, n\u00e4stan ljusliknande sken \u2013 perfekt f\u00f6r att anpassa belysningen efter tid p\u00e5 dygnet eller hum\u00f6r.<\/p>\n<p>Precis som donutlampan kan pendeln styras b\u00e5de via fj\u00e4rrkontroll och smarta hem-system.<\/p>\n<p>\u2013 VARMBLIXT \u00e4r en designprodukt som m\u00e4nniskor k\u00e4nner igen direkt. Det handlar om ljusets emotionella kraft, och Sabines s\u00e4tt att skapa atmosf\u00e4r. Med de nya versionerna kan man utforska k\u00e4nslor genom hela ljusspektrumet, s\u00e4ger Chiara Ripalti, produktutvecklare f\u00f6r belysning p\u00e5 IKEA of Sweden.<\/p>\n<p><img loading=\"lazy\" decoding=\"async\" width=\"1200\" height=\"900\" src=\"https:\/\/www.europesays.com\/se\/wp-content\/uploads\/2026\/01\/ikea-varmblixt-app-1200x900.jpg\" alt=\"\" class=\"wp-image-411851\"\/>Foto: IKEA<\/p>\n<p><strong>Smart hem \u2013 p\u00e5 IKEAs s\u00e4tt<\/strong><\/p>\n<p>De nya lamporna \u00e4r byggda enligt Matter-standarden, vilket inneb\u00e4r att de fungerar smidigt med olika smarta hem-system. Det \u00e4r en del av IKEAs st\u00f6rre satsning p\u00e5 smart teknik som ska vara enkel, tillg\u00e4nglig och meningsfull i vardagen.<\/p>\n<p><strong>N\u00e4sta steg: ny kollektion 2027<\/strong><\/p>\n<p>Samarbetet mellan IKEA och Sabine Marcelis forts\u00e4tter. N\u00e4sta gemensamma projekt blir en helt ny kollektion d\u00e4r design och teknik m\u00f6ts \u2013 med planerad lansering under 2027.<\/p>\n<p>De uppdaterade VARMBLIXT-lamporna finns till f\u00f6rs\u00e4ljning fr\u00e5n 1 april 2026 i svenska IKEA-varuhus (med undantag f\u00f6r Uppsala).<\/p>\n","protected":false},"excerpt":{"rendered":"Publicerad den 7 januari 2026 av Metro Mode Den ikoniska VARMBLIXT-kollektionen \u00e4r tillbaka \u2013 och den h\u00e4r g\u00e5ngen&hellip;\n","protected":false},"author":2,"featured_media":130230,"comment_status":"","ping_status":"","sticky":false,"template":"","format":"standard","meta":{"footnotes":""},"categories":[66],"tags":[80,78,79,34,31,33,32,30,81,84,83,82],"class_list":{"0":"post-130229","1":"post","2":"type-post","3":"status-publish","4":"format-standard","5":"has-post-thumbnail","7":"category-vetenskap-och-teknik","8":"tag-science","9":"tag-science-and-technology","10":"tag-scienceandtechnology","11":"tag-se","12":"tag-svenska","13":"tag-sverige","14":"tag-sweden","15":"tag-swedish","16":"tag-technology","17":"tag-teknik","18":"tag-vetenskap","19":"tag-vetenskapteknik"},"share_on_mastodon":{"url":"https:\/\/pubeurope.com\/@se\/115863501127856986","error":""},"_links":{"self":[{"href":"https:\/\/www.europesays.com\/se\/wp-json\/wp\/v2\/posts\/130229","targetHints":{"allow":["GET"]}}],"collection":[{"href":"https:\/\/www.europesays.com\/se\/wp-json\/wp\/v2\/posts"}],"about":[{"href":"https:\/\/www.europesays.com\/se\/wp-json\/wp\/v2\/types\/post"}],"author":[{"embeddable":true,"href":"https:\/\/www.europesays.com\/se\/wp-json\/wp\/v2\/users\/2"}],"replies":[{"embeddable":true,"href":"https:\/\/www.europesays.com\/se\/wp-json\/wp\/v2\/comments?post=130229"}],"version-history":[{"count":0,"href":"https:\/\/www.europesays.com\/se\/wp-json\/wp\/v2\/posts\/130229\/revisions"}],"wp:featuredmedia":[{"embeddable":true,"href":"https:\/\/www.europesays.com\/se\/wp-json\/wp\/v2\/media\/130230"}],"wp:attachment":[{"href":"https:\/\/www.europesays.com\/se\/wp-json\/wp\/v2\/media?parent=130229"}],"wp:term":[{"taxonomy":"category","embeddable":true,"href":"https:\/\/www.europesays.com\/se\/wp-json\/wp\/v2\/categories?post=130229"},{"taxonomy":"post_tag","embeddable":true,"href":"https:\/\/www.europesays.com\/se\/wp-json\/wp\/v2\/tags?post=130229"}],"curies":[{"name":"wp","href":"https:\/\/api.w.org\/{rel}","templated":true}]}}