{"id":130245,"date":"2026-01-09T06:06:09","date_gmt":"2026-01-09T06:06:09","guid":{"rendered":"https:\/\/www.europesays.com\/se\/130245\/"},"modified":"2026-01-09T06:06:09","modified_gmt":"2026-01-09T06:06:09","slug":"ottawa-gar-ut-och-vill-ha-lugn-och-ro-for-linus-ullmark","status":"publish","type":"post","link":"https:\/\/www.europesays.com\/se\/130245\/","title":{"rendered":"Ottawa g\u00e5r ut och vill ha lugn och ro f\u00f6r Linus Ullmark"},"content":{"rendered":"<p><a data-test-tag=\"internal-link\" href=\"https:\/\/www.aftonbladet.se\/av\/per-bjurman\" class=\"hyperion-css-13ns1rr\" rel=\"nofollow noopener\" target=\"\" aria-label=\"Se alla artiklar av Per Bjurman\"><img decoding=\"async\" class=\"image-asset hyperion-css-n6kkq1\" data-test-tag=\"image-asset\" src=\"https:\/\/www.europesays.com\/se\/wp-content\/uploads\/2026\/01\/1767938768_408_a76ef06d-caf0-4717-9796-06335a97227e.png\"  alt=\"\"  loading=\"lazy\" fetchpriority=\"auto\" style=\"aspect-ratio:1900 \/ 1900\"\/><\/a>share-arrowDela<\/p>\n<p>unsaveSpara<\/p>\n<p class=\"hyperion-css-1shl3oz\" data-test-tag=\"lead-text\">NEW YORK. Illasinnade rykten om Linus Ullmarks sprids i sociala medier i Nordamerika och nu ryter Ottawa Senators ifr\u00e5n \u2013 i skarpa ordalag.<\/p>\n<p class=\"hyperion-css-1shl3oz\" data-test-tag=\"lead-text\">\u2013 Vi bad om respekt f\u00f6r Linus privatliv, men tydligen h\u00f6rsammandes denna v\u00e4djan inte av den l\u00e4gsta formen av troll och sjuka m\u00e4nniskor som huserar p\u00e5 n\u00e4tet, rasar general managern Steve Staios.<\/p>\n<p class=\"hyperion-css-1v9qo5x\">I mellandagarna meddelade Ottawa Senators att svenske m\u00e5lvakten <a data-test-tag=\"internal-link\" href=\"https:\/\/www.aftonbladet.se\/tagg\/linus-ullmark\" class=\"hyperion-css-15jkft9\" rel=\"nofollow noopener\" target=\"\" aria-label=\"Linus Ullmark\" theme=\"sportbladet\">Linus Ullmark<\/a> tagit en paus fr\u00e5n hockey av personliga sk\u00e4l \u2013 och bad omv\u00e4rlden att respektera hans privata sf\u00e4r.<\/p>\n<p class=\"hyperion-css-1v9qo5x\">Men p\u00e5 senare tid har infama rykten om sk\u00e4len till den 32-\u00e5rige \u00e5ngermanl\u00e4nningens fr\u00e5nvaro likafullt spridits p\u00e5 n\u00e4tet.<\/p>\n<p class=\"hyperion-css-1v9qo5x\">De saknar helt grund, klarg\u00f6r Senators i ett f\u00e4rskt uttalande p\u00e5 sitt X-konto \u2013 och i samma post g\u00e5r general managern Steve Staios till ilsket angrepp p\u00e5 de som \u00e4nd\u00e5 f\u00f6r dem vidare.<\/p>\n<p class=\"hyperion-css-1v9qo5x\">\u2013 Vi \u00e4r extremt besvikna \u00f6ver att l\u00e4sa om de helt fabricerade och falska stories som sprids p\u00e5 sociala medier om v\u00e5r klubb, heter det.<\/p>\n<p class=\"hyperion-css-1v9qo5x\">\u2013\u00a0Linus \u00e4r borta fr\u00e5n v\u00e5rt lag av personliga sk\u00e4l och han har hela organisationens fulla st\u00f6d. Vi bad om respekt f\u00f6r Linus privatliv, men tydligen h\u00f6rsammandes denna v\u00e4djan inte av den l\u00e4gsta formen av troll och sjuka m\u00e4nniskor som huserar p\u00e5 n\u00e4tet. Vi \u00e4r \u00e4cklade \u00f6ver att krafter utifr\u00e5n f\u00f6rs\u00f6ker st\u00f6ra v\u00e5r hockeyklubb. Det h\u00e4r uttalandet s\u00e4tter punkt f\u00f6r de l\u00f6jliga spekulationer som har spridits.<\/p>\n<p class=\"hyperion-css-1v9qo5x\">N\u00e5gra uppgifter om hur l\u00e4nge Linus Ullmark blir borta finns inte.<\/p>\n<p>expand-left<\/p>\n<p>helsk\u00e4rm<img decoding=\"async\" class=\"image-asset hyperion-css-u06ts1\" data-test-tag=\"image-asset\" src=\"https:\/\/www.europesays.com\/se\/wp-content\/uploads\/2026\/01\/2a9cc46a-c217-4fe1-8746-a9725f25ae85.jpeg\"  alt=\"Linus Ullmark.\"  loading=\"eager\" fetchpriority=\"high\" style=\"aspect-ratio:1900 \/ 1267\"\/>Linus Ullmark. Foto: Jerome Miron \/ Usa Today Sports<\/p>\n","protected":false},"excerpt":{"rendered":"share-arrowDela unsaveSpara NEW YORK. Illasinnade rykten om Linus Ullmarks sprids i sociala medier i Nordamerika och nu ryter&hellip;\n","protected":false},"author":2,"featured_media":130246,"comment_status":"","ping_status":"","sticky":false,"template":"","format":"standard","meta":{"footnotes":""},"categories":[5],"tags":[22,23,26,27,17,21,24,25,28,29,15,16,18,34,31,33,32,30,19,20],"class_list":{"0":"post-130245","1":"post","2":"type-post","3":"status-publish","4":"format-standard","5":"has-post-thumbnail","7":"category-rubriker","8":"tag-breaking-news","9":"tag-breakingnews","10":"tag-featured-news","11":"tag-featurednews","12":"tag-headlines","13":"tag-huvudnyheter","14":"tag-latest-news","15":"tag-latestnews","16":"tag-main-news","17":"tag-mainnews","18":"tag-news","19":"tag-nyheter","20":"tag-rubriker","21":"tag-se","22":"tag-svenska","23":"tag-sverige","24":"tag-sweden","25":"tag-swedish","26":"tag-top-stories","27":"tag-topstories"},"share_on_mastodon":{"url":"https:\/\/pubeurope.com\/@se\/115863642624171979","error":""},"_links":{"self":[{"href":"https:\/\/www.europesays.com\/se\/wp-json\/wp\/v2\/posts\/130245","targetHints":{"allow":["GET"]}}],"collection":[{"href":"https:\/\/www.europesays.com\/se\/wp-json\/wp\/v2\/posts"}],"about":[{"href":"https:\/\/www.europesays.com\/se\/wp-json\/wp\/v2\/types\/post"}],"author":[{"embeddable":true,"href":"https:\/\/www.europesays.com\/se\/wp-json\/wp\/v2\/users\/2"}],"replies":[{"embeddable":true,"href":"https:\/\/www.europesays.com\/se\/wp-json\/wp\/v2\/comments?post=130245"}],"version-history":[{"count":0,"href":"https:\/\/www.europesays.com\/se\/wp-json\/wp\/v2\/posts\/130245\/revisions"}],"wp:featuredmedia":[{"embeddable":true,"href":"https:\/\/www.europesays.com\/se\/wp-json\/wp\/v2\/media\/130246"}],"wp:attachment":[{"href":"https:\/\/www.europesays.com\/se\/wp-json\/wp\/v2\/media?parent=130245"}],"wp:term":[{"taxonomy":"category","embeddable":true,"href":"https:\/\/www.europesays.com\/se\/wp-json\/wp\/v2\/categories?post=130245"},{"taxonomy":"post_tag","embeddable":true,"href":"https:\/\/www.europesays.com\/se\/wp-json\/wp\/v2\/tags?post=130245"}],"curies":[{"name":"wp","href":"https:\/\/api.w.org\/{rel}","templated":true}]}}