{"id":130252,"date":"2026-01-09T06:17:21","date_gmt":"2026-01-09T06:17:21","guid":{"rendered":"https:\/\/www.europesays.com\/se\/130252\/"},"modified":"2026-01-09T06:17:21","modified_gmt":"2026-01-09T06:17:21","slug":"det-var-regnet-av-cecilia-davidsson-2","status":"publish","type":"post","link":"https:\/\/www.europesays.com\/se\/130252\/","title":{"rendered":"\u201dDet var regnet\u201d av Cecilia Davidsson"},"content":{"rendered":"<p>Publicerad 9 jan 2026 kl 05.00<\/p>\n<p>I Cecilia Davidssons roman \u201dDet var regnet\u201d n\u00e4rstuderas en vanlig familj.<br \/>Ulf Olsson tycker att normaliteten, trots ett brott, blir sv\u00e5r att bry sig om.<\/p>\n<p><img   alt=\"\"\/><\/p>\n<p>Cecilia Davidsson \u00e4r f\u00f6rfattare. F\u00f6r sin debut \u201dEn av dessa n\u00e4tter\u201d 1994 bel\u00f6nades hon med Katapultpriset.<\/p>\n<p>Foto: JOHAN BERGMARK \/ Albert Bonniers<\/p>\n<p>\u00d6ppna bild i helsk\u00e4rm<img loading=\"lazy\"   alt=\"\"\/><\/p>\n<p>Ulf Olsson \u00e4r professor emeritus i litteraturvetenskap och kritiker p\u00e5 Expressens kultursida.<\/p>\n<p>Foto: OLLE SPORRONG<\/p>\n<p>\u00d6ppna bild i helsk\u00e4rm<\/p>\n<p><strong>RECENSION.<\/strong> Titti har s\u00e5 sm\u00e5 fingertoppar. Shortslinningen skaver runt magen p\u00e5 Anders. Malte slarvar bort sina nya sneakers. Lillan antecknar i mobildagboken: \u00e4nnu en dag i helvetet.<\/p>\n<p>Se d\u00e4r en bild av svenskt familjeliv. Man kunde anv\u00e4nda <strong>Cecilia Davidssons<\/strong> roman \u201dDet var regnet\u201d f\u00f6r att f\u00f6rs\u00f6ka f\u00f6rst\u00e5 vad normalitet kan vara, normala m\u00e4nniskor, normala problem. Och man kunde anv\u00e4nda romanen till att f\u00f6rs\u00f6ka f\u00f6rst\u00e5 var den realistiska svenska romanen i dag inr\u00e4ttar sig: medelklass, f\u00f6rort, hus, familj.<\/p>\n<p><img loading=\"lazy\"   alt=\"\"\/> <\/p>\n<p>Foto: Albert Bonniers<\/p>\n<p>\u00d6ppna bild i helsk\u00e4rm<\/p>\n<p>Titti tittar p\u00e5 maken Anders och t\u00e4nker: \u201dAtt han \u00e4r exakt den han ser ut att vara, varken mer eller mindre.\u201d Det \u00e4r ocks\u00e5 romanens problem: allt \u00e4r vad det synes vara.<\/p>\n<p>Men realism i dag tycks inte kunna klara sig utan n\u00e5got av en kriminalg\u00e5ta \u2013 utan en s\u00e5dan skulle romanen inte r\u00f6ra sig ur fl\u00e4cken. Ett brott driver handlingen fram\u00e5t, om \u00e4n i sm\u00e5, n\u00e4stan of\u00f6rm\u00e4rkliga steg: normalisering p\u00e5g\u00e5r. Men utan brottet hade Davidsson tvingats f\u00f6rdjupa obduktionen av den familj hon skapat, det hade m\u00f6jligen blivit roligare.<\/p>\n<p>I dess detaljerade skildring av familjen delar romanen ocks\u00e5 Anders problem: \u201dbilden \u00e4r s\u00e5 v\u00e4lbekant att han inte l\u00e4ngre ser den.\u201d Davidsson f\u00f6rs\u00f6ker synligg\u00f6ra n\u00e5got, och n\u00e4r dottern Lillan t\u00e4nker att \u201dalla m\u00e4n har v\u00e5ldet slumrande inom sig\u201d, \u00e4r romanen pl\u00f6tsligt akut samtida med kvinnomordens Sverige.<\/p>\n<blockquote><p>Jag vet inte riktigt varf\u00f6r jag ska bry mig om denna roman.<\/p><\/blockquote>\n<p>Davidsson genomf\u00f6r \u201dDet var regnet\u201d med den s\u00e4kra ordknapphet som \u00e4r den erfarna f\u00f6rfattarens. Inga yviga retoriska gester: trots att en bomb briserar i familjen s\u00e5 p\u00e5g\u00e5r en omsorgsfull normalisering \u2013 som m\u00e4nniskorna vantrivs i men lojalt medverkar till. Ocks\u00e5 l\u00e4ngtan ut \u00e4r en helt trivial, alldeles normal k\u00e4nsla.<\/p>\n<p>\u201dDet var regnet\u201d slutar i uppgivenhetens tecken, dess allra sista mening lyder: \u201dVarf\u00f6r skulle hon bry sig om en s\u00e5dan som han.\u201d Det borde ha varit en fr\u00e5ga \u2013 men d\u00e4r s\u00e4tter Davidsson punkt. \u00a0En stramt stiliserad ber\u00e4ttelse \u2013 men den \u00e4r s\u00e5 v\u00e4lbekant och s\u00e5 normaliserad att man knappt m\u00e4rker vad man l\u00e4ser. Jag vet inte riktigt varf\u00f6r jag ska bry mig om denna roman.<\/p>\n<p>ROMAN<\/p>\n<p>CECILIA DAVIDSSON<\/p>\n<p>Det var regnet<\/p>\n<p>Albert Bonniers, 248 s<\/p>\n<p>Visa mer<\/p>\n<p>Ulf Olsson \u00e4r professor emeritus i litteraturvetenskap och kritiker p\u00e5 Expressens kultursida.<\/p>\n","protected":false},"excerpt":{"rendered":"Publicerad 9 jan 2026 kl 05.00 I Cecilia Davidssons roman \u201dDet var regnet\u201d n\u00e4rstuderas en vanlig familj.Ulf Olsson&hellip;\n","protected":false},"author":2,"featured_media":130253,"comment_status":"","ping_status":"","sticky":false,"template":"","format":"standard","meta":{"footnotes":""},"categories":[67],"tags":[104,3755,34,438,31,33,32,30,1515,105],"class_list":{"0":"post-130252","1":"post","2":"type-post","3":"status-publish","4":"format-standard","5":"has-post-thumbnail","7":"category-underhallning","8":"tag-entertainment","9":"tag-organization-expressen-kultur","10":"tag-se","11":"tag-sections-bocker","12":"tag-svenska","13":"tag-sverige","14":"tag-sweden","15":"tag-swedish","16":"tag-topic-bokrecensioner","17":"tag-underhallning"},"share_on_mastodon":{"url":"https:\/\/pubeurope.com\/@se\/115863685888546267","error":""},"_links":{"self":[{"href":"https:\/\/www.europesays.com\/se\/wp-json\/wp\/v2\/posts\/130252","targetHints":{"allow":["GET"]}}],"collection":[{"href":"https:\/\/www.europesays.com\/se\/wp-json\/wp\/v2\/posts"}],"about":[{"href":"https:\/\/www.europesays.com\/se\/wp-json\/wp\/v2\/types\/post"}],"author":[{"embeddable":true,"href":"https:\/\/www.europesays.com\/se\/wp-json\/wp\/v2\/users\/2"}],"replies":[{"embeddable":true,"href":"https:\/\/www.europesays.com\/se\/wp-json\/wp\/v2\/comments?post=130252"}],"version-history":[{"count":0,"href":"https:\/\/www.europesays.com\/se\/wp-json\/wp\/v2\/posts\/130252\/revisions"}],"wp:featuredmedia":[{"embeddable":true,"href":"https:\/\/www.europesays.com\/se\/wp-json\/wp\/v2\/media\/130253"}],"wp:attachment":[{"href":"https:\/\/www.europesays.com\/se\/wp-json\/wp\/v2\/media?parent=130252"}],"wp:term":[{"taxonomy":"category","embeddable":true,"href":"https:\/\/www.europesays.com\/se\/wp-json\/wp\/v2\/categories?post=130252"},{"taxonomy":"post_tag","embeddable":true,"href":"https:\/\/www.europesays.com\/se\/wp-json\/wp\/v2\/tags?post=130252"}],"curies":[{"name":"wp","href":"https:\/\/api.w.org\/{rel}","templated":true}]}}