{"id":130269,"date":"2026-01-09T07:00:09","date_gmt":"2026-01-09T07:00:09","guid":{"rendered":"https:\/\/www.europesays.com\/se\/130269\/"},"modified":"2026-01-09T07:00:09","modified_gmt":"2026-01-09T07:00:09","slug":"reiley-feeling-popmuzik","status":"publish","type":"post","link":"https:\/\/www.europesays.com\/se\/130269\/","title":{"rendered":"Reiley &#8211; Feeling &#8211; Popmuzik"},"content":{"rendered":"<p>Den f\u00e4r\u00f6iska artisten och TikTok-profilen <strong>Reiley<\/strong> \u00e4r \u00e4ntligen tillbaka med ny musik. <br \/>Reiley t\u00e4vlade ju f\u00f6r Danmark i Eurovision Song Contest 2023 med l\u00e5ten <a href=\"https:\/\/popmuzik.se\/151394\/reiley-breaking-my-heart\/\" data-type=\"post\" data-id=\"151394\" rel=\"nofollow noopener\" target=\"_blank\">Breaking my heart<\/a> och efter det sl\u00e4ppte han singeln Lovesongs. Sedan har det mest varit tyst fr\u00e5n honom n\u00e4r det kommer till ny musik. Fram tills nu, snart tre \u00e5r senare. <\/p>\n<p><a href=\"https:\/\/music.apple.com\/se\/playlist\/favoriter\/pl.u-b3b8RA9UZ6ZJy\" rel=\"nofollow noopener\" target=\"_blank\"><img decoding=\"async\" src=\"https:\/\/www.europesays.com\/se\/wp-content\/uploads\/2025\/12\/Banner-Apple-Music-Favoriter-2024.png\" alt=\"Popmuzik Favoriter\" class=\"lazyload\" style=\"--smush-placeholder-width: 1900px; --smush-placeholder-aspect-ratio: 1900\/1100;\"\/><\/a><\/p>\n<p>Den nya singeln heter Feeling och \u00e4r en l\u00e5t som badar i ett snyggt hav av 80-talspop. Det \u00e4r glittrande synthar och medryckande basg\u00e5ng som skapar en l\u00e4cker k\u00e4nsla f\u00f6r lyssnaren. En l\u00e5t som inleds emotionellt och f\u00f6rsiktigt innan den exploderar i stora trummor och ett mer medryckande arrangemang. Sk\u00f6n l\u00e5t och k\u00e4nsla h\u00e4r. Speciellt om man gillar det d\u00e4r 80-tals soundet (och det g\u00f6r v\u00e4l alla). <\/p>\n<p>Jag gillade ju soundet och k\u00e4nslan i l\u00e5ten h\u00e4r. En l\u00e5t d\u00e4r Reiley grubblar om k\u00e4nslor och k\u00e4rlek, d\u00e4r som sagt musiken f\u00e5r visa det hav av k\u00e4nslor som bubblar i en. <\/p>\n","protected":false},"excerpt":{"rendered":"Den f\u00e4r\u00f6iska artisten och TikTok-profilen Reiley \u00e4r \u00e4ntligen tillbaka med ny musik. Reiley t\u00e4vlade ju f\u00f6r Danmark i&hellip;\n","protected":false},"author":2,"featured_media":130270,"comment_status":"","ping_status":"","sticky":false,"template":"","format":"standard","meta":{"footnotes":""},"categories":[67],"tags":[104,34,31,33,32,30,105],"class_list":{"0":"post-130269","1":"post","2":"type-post","3":"status-publish","4":"format-standard","5":"has-post-thumbnail","7":"category-underhallning","8":"tag-entertainment","9":"tag-se","10":"tag-svenska","11":"tag-sverige","12":"tag-sweden","13":"tag-swedish","14":"tag-underhallning"},"share_on_mastodon":{"url":"https:\/\/pubeurope.com\/@se\/115863854917995082","error":""},"_links":{"self":[{"href":"https:\/\/www.europesays.com\/se\/wp-json\/wp\/v2\/posts\/130269","targetHints":{"allow":["GET"]}}],"collection":[{"href":"https:\/\/www.europesays.com\/se\/wp-json\/wp\/v2\/posts"}],"about":[{"href":"https:\/\/www.europesays.com\/se\/wp-json\/wp\/v2\/types\/post"}],"author":[{"embeddable":true,"href":"https:\/\/www.europesays.com\/se\/wp-json\/wp\/v2\/users\/2"}],"replies":[{"embeddable":true,"href":"https:\/\/www.europesays.com\/se\/wp-json\/wp\/v2\/comments?post=130269"}],"version-history":[{"count":0,"href":"https:\/\/www.europesays.com\/se\/wp-json\/wp\/v2\/posts\/130269\/revisions"}],"wp:featuredmedia":[{"embeddable":true,"href":"https:\/\/www.europesays.com\/se\/wp-json\/wp\/v2\/media\/130270"}],"wp:attachment":[{"href":"https:\/\/www.europesays.com\/se\/wp-json\/wp\/v2\/media?parent=130269"}],"wp:term":[{"taxonomy":"category","embeddable":true,"href":"https:\/\/www.europesays.com\/se\/wp-json\/wp\/v2\/categories?post=130269"},{"taxonomy":"post_tag","embeddable":true,"href":"https:\/\/www.europesays.com\/se\/wp-json\/wp\/v2\/tags?post=130269"}],"curies":[{"name":"wp","href":"https:\/\/api.w.org\/{rel}","templated":true}]}}