{"id":130272,"date":"2026-01-09T07:05:11","date_gmt":"2026-01-09T07:05:11","guid":{"rendered":"https:\/\/www.europesays.com\/se\/130272\/"},"modified":"2026-01-09T07:05:11","modified_gmt":"2026-01-09T07:05:11","slug":"robert-ohlssons-ilska-ett-skamt-shl","status":"publish","type":"post","link":"https:\/\/www.europesays.com\/se\/130272\/","title":{"rendered":"Robert Ohlssons ilska: \u201dEtt sk\u00e4mt\u201d | SHL"},"content":{"rendered":"<p>Publicerad 8 jan 2026 kl 21.24Uppdaterad kl 21.57<\/p>\n<p>F\u00f6r f\u00f6rsta g\u00e5ngen den h\u00e4r s\u00e4songen har Fr\u00f6lunda f\u00f6rlorat tv\u00e5 raka matcher i SHL.<\/p>\n<p>D\u00e5 rasade Robert Ohlsson efter\u00e5t.<\/p>\n<p>\u2013 Det \u00e4r ett sk\u00e4mt f\u00f6r fan. Vad \u00e4r det f\u00f6r j\u00e4vla niv\u00e5? Ska vi b\u00f6rja filma oss till utvisningar i svensk ishockey? utbrast han i TV4 efter Fr\u00f6lundas bortd\u00f6mda m\u00e5l.<\/p>\n<p><img loading=\"lazy\"   alt=\"\"\/> <\/p>\n<p>Foto: Bj\u00f6rn Larsson Rosvall\/TT \/ TT NYHETSBYR\u00c5N<\/p>\n<p>\u00d6ppna bild i helsk\u00e4rm<img loading=\"lazy\"   alt=\"\"\/> <\/p>\n<p>Foto: MICHAEL ERICHSEN \/ BILDBYR\u00c5N<\/p>\n<p>\u00d6ppna bild i helsk\u00e4rm<\/p>\n<p>Lule\u00e5 studsade tillbaka direkt efter att ha tappat segern mot HV71 i slutminuterna f\u00f6r tv\u00e5 dagar sedan.<\/p>\n<p>Norrbottningarna reste till V\u00e4stkusten och fick med sig alla po\u00e4ng under torsdagskv\u00e4llen efter att Fr\u00f6lunda besegrats med 2-1.<\/p>\n<p>M\u00e5let videogranskades<\/p>\n<p>Otto Leskinen gav bortalaget ledningen fr\u00e5n sin bl\u00e5linje och i mittenperioden ut\u00f6kade Isac Hedqvist efter att han styrt in pucken med sin h\u00f6gerskridsko. Situationen videogranskades innan m\u00e5let kunde fastst\u00e4llas.\u00a0<\/p>\n<p>Fr\u00f6lunda l\u00f6ste en reduceringspuck men kom aldrig n\u00e4rmare \u00e4n det. I slutet blev det dramatiskt d\u00e5 en situation videogranskades efter att Ruotsalainen \u00e5kt in i Matteus Ward.<\/p>\n<p>\u2013 Jag \u00e4r irriterad f\u00f6r jag f\u00e5r h\u00f6ra fr\u00e5n spelarna att pucken \u00e4r inne men det g\u00e5r inte att konstatera. Jag \u00e4r j\u00e4vligt irriterad. D\u00e5 f\u00e5r vi b\u00f6rja chippa puckarna om vi inte kan se det i v\u00e5ra kamerasystem, tyckte Robert Ohlsson n\u00e4r han intervjuades i TV4 efter matchen.<\/p>\n<p>Ohlsson var tydlig med att han ans\u00e5g att Ruotsalainen skulle ha f\u00e5tt med sig en straff.<\/p>\n<p>\u2013 Att det inte d\u00f6ms straff d\u00e4r i slutet om inte annat, det \u00e4r ett sk\u00e4mt f\u00f6r fan. Vad \u00e4r det f\u00f6r j\u00e4vla niv\u00e5? Ska vi b\u00f6rja filma oss till utvisningar i svensk ishockey? Han blir ju trippad d\u00e4r. Vi f\u00e5r ingenting. Kan du inte d\u00f6ma m\u00e5l m\u00e5ste du d\u00f6ma straff. Det \u00e4r j\u00e4vligt d\u00e5ligt.\u00a0<\/p>\n<p>Efter utbrottet l\u00e4mnade Ohlsson intervjun med TV4.\u00a0<\/p>\n<p>G\u00f6teborgarna f\u00f6rlorade sin andra raka match i <a href=\"https:\/\/www.expressen.se\/tagg\/organization\/shl\/\" class=\"\" rel=\"nofollow noopener\" target=\"_blank\">SHL<\/a> och sin f\u00f6rsta p\u00e5 hemmaplan p\u00e5 elva omg\u00e5ngar. Samtidigt n\u00e4rmar sig Lule\u00e5 n\u00e4rmar topp sex-placeringarna.<\/p>\n","protected":false},"excerpt":{"rendered":"Publicerad 8 jan 2026 kl 21.24Uppdaterad kl 21.57 F\u00f6r f\u00f6rsta g\u00e5ngen den h\u00e4r s\u00e4songen har Fr\u00f6lunda f\u00f6rlorat tv\u00e5&hellip;\n","protected":false},"author":2,"featured_media":130273,"comment_status":"","ping_status":"","sticky":false,"template":"","format":"standard","meta":{"footnotes":""},"categories":[5],"tags":[22,23,26,27,17,21,24,25,28,29,15,16,2174,1178,1179,18,34,255,823,31,33,32,30,19,20],"class_list":{"0":"post-130272","1":"post","2":"type-post","3":"status-publish","4":"format-standard","5":"has-post-thumbnail","7":"category-rubriker","8":"tag-breaking-news","9":"tag-breakingnews","10":"tag-featured-news","11":"tag-featurednews","12":"tag-headlines","13":"tag-huvudnyheter","14":"tag-latest-news","15":"tag-latestnews","16":"tag-main-news","17":"tag-mainnews","18":"tag-news","19":"tag-nyheter","20":"tag-organization-frolunda-hc","21":"tag-organization-lulea-hockey","22":"tag-organization-shl","23":"tag-rubriker","24":"tag-se","25":"tag-sections-ishockey","26":"tag-sections-shl","27":"tag-svenska","28":"tag-sverige","29":"tag-sweden","30":"tag-swedish","31":"tag-top-stories","32":"tag-topstories"},"share_on_mastodon":{"url":"https:\/\/pubeurope.com\/@se\/115863874610397542","error":""},"_links":{"self":[{"href":"https:\/\/www.europesays.com\/se\/wp-json\/wp\/v2\/posts\/130272","targetHints":{"allow":["GET"]}}],"collection":[{"href":"https:\/\/www.europesays.com\/se\/wp-json\/wp\/v2\/posts"}],"about":[{"href":"https:\/\/www.europesays.com\/se\/wp-json\/wp\/v2\/types\/post"}],"author":[{"embeddable":true,"href":"https:\/\/www.europesays.com\/se\/wp-json\/wp\/v2\/users\/2"}],"replies":[{"embeddable":true,"href":"https:\/\/www.europesays.com\/se\/wp-json\/wp\/v2\/comments?post=130272"}],"version-history":[{"count":0,"href":"https:\/\/www.europesays.com\/se\/wp-json\/wp\/v2\/posts\/130272\/revisions"}],"wp:featuredmedia":[{"embeddable":true,"href":"https:\/\/www.europesays.com\/se\/wp-json\/wp\/v2\/media\/130273"}],"wp:attachment":[{"href":"https:\/\/www.europesays.com\/se\/wp-json\/wp\/v2\/media?parent=130272"}],"wp:term":[{"taxonomy":"category","embeddable":true,"href":"https:\/\/www.europesays.com\/se\/wp-json\/wp\/v2\/categories?post=130272"},{"taxonomy":"post_tag","embeddable":true,"href":"https:\/\/www.europesays.com\/se\/wp-json\/wp\/v2\/tags?post=130272"}],"curies":[{"name":"wp","href":"https:\/\/api.w.org\/{rel}","templated":true}]}}