{"id":130276,"date":"2026-01-09T07:08:06","date_gmt":"2026-01-09T07:08:06","guid":{"rendered":"https:\/\/www.europesays.com\/se\/130276\/"},"modified":"2026-01-09T07:08:06","modified_gmt":"2026-01-09T07:08:06","slug":"starka-orden-i-svt-pa-mycket-skuld-att-bara","status":"publish","type":"post","link":"https:\/\/www.europesays.com\/se\/130276\/","title":{"rendered":"Starka orden i SVT \u2013 Pa: \u201dMycket skuld att b\u00e4ra\u201d"},"content":{"rendered":"<p>Publicerad 9 jan 2026 kl 06.30Uppdaterad kl 06.43<\/p>\n<p>Pa Modou Badjies sv\u00e4rmor och fosterdotter sk\u00f6ts ihj\u00e4l i dubbelmordet i Tullinge h\u00f6sten 2023.<\/p>\n<p>I SVT-serien \u201dShaolin heroes\u201d ber\u00e4ttar artisten om skulden han k\u00e4nner n\u00e4r han m\u00f6ter sin hustrus blick.<\/p>\n<p>\u2013 Tack vare mig&#8230; N\u00e5gon som var anknuten till mig \u2013 \u00e4r anledningen till att hennes mamma \u00e4r d\u00f6d.<\/p>\n<p><img   alt=\"\"\/><\/p>\n<p>Pa Modou Badjie \u00e4r medlem i gruppen Panetoz.<\/p>\n<p>Foto: OLLE SPORRONG<\/p>\n<p>\u00d6ppna bild i helsk\u00e4rm<img loading=\"lazy\"   alt=\"\"\/><\/p>\n<p>Pa Modou Badjies sv\u00e4rmor och fosterdotter sk\u00f6ts ihj\u00e4l i dubbelmordet i Tullinge h\u00f6sten 2023.<\/p>\n<p>Foto: Magnus Lejhall\/TT \/ TT NYHETSBYR\u00c5N<\/p>\n<p>\u00d6ppna bild i helsk\u00e4rm<\/p>\n<p>I oktober 2023 begav sig en 17-\u00e5rig skytt till en villa i Tullinge i s\u00f6dra Stockholm d\u00e4r han sk\u00f6t ihj\u00e4l den 20-\u00e5riga juriststudenten Liza Britzelli och en 60-\u00e5rig kvinna.\u00a0<\/p>\n<p>Kvinnorna var anh\u00f6riga till artisten Pa Modou Badjie, k\u00e4nd fr\u00e5n Panetoz.\u00a0<\/p>\n<p>I samband med sin medverkan i Melodifestivalen \u00e5ret d\u00e4rp\u00e5 ber\u00e4ttade han att dubbelmordet intr\u00e4ffat i hans villa. Vidare kommenterade han den tragiska h\u00e4ndelsen:<\/p>\n<p>\u2013 Jag vill \u00f6vervinna den ondska som drabbade min familj och m\u00e5nga andra, och ta tillbaka det som denna ondska ber\u00f6vat mig, sa han till <a href=\"https:\/\/www.aftonbladet.se\/nojesbladet\/a\/o30dO0\/pa-modou-badjie-om-familjetragedin-var-pa-en-mork-plats\" rel=\"nofollow noopener\" target=\"_blank\">Aftonbladet.\u00a0<\/a><\/p>\n<p>N\u00e4r Pa Modou Badjie nu medverkar i <a href=\"https:\/\/www.expressen.se\/tagg\/organization\/svt\/\" class=\"\" rel=\"nofollow noopener\" target=\"_blank\">SVT<\/a>-serien \u201dShaolin heroes\u201d delar han med sig av sorgen efter morden.\u00a0<\/p>\n<p>\u2013 2023, i b\u00f6rjan d\u00e4r, var ett riktigt fantastiskt \u00e5r. Jag fyllde 40, vi gjorde Melodifestivalen. Livet var p\u00e5 ett st\u00e4lle som jag inte trodde det kunde vara. Och jag var v\u00e4ldigt lycklig. Men sen s\u00e5 h\u00e4nde det mest ofattbara. Det var n\u00e5gon som kom in och valde att ha ihj\u00e4l min sv\u00e4rmor och mitt fosterbarn, med mina andra tjejer inne i huset, s\u00e4ger han i programmet.\u00a0<\/p>\n<p><img loading=\"lazy\"   alt=\"\"\/><\/p>\n<p>Pa Modou Badjie ber\u00e4ttar om skuldk\u00e4nslorna efter dubbelmordet i Tullinge.<\/p>\n<p>Foto: SVT<\/p>\n<p>\u00d6ppna bild i helsk\u00e4rmSkulden efter dubbelmordet<\/p>\n<p>Panetoz-artisten ser sorgsen ut n\u00e4r han forts\u00e4tter ber\u00e4tta om k\u00e4nslorna:<\/p>\n<p>\u2013 Jag m\u00e5ste m\u00f6ta min fru varje dag, i de \u00f6gonen&#8230; Tack vare mig&#8230; N\u00e5gon som var anknuten till mig \u2013 \u00e4r anledningen till att hennes mamma \u00e4r d\u00f6d. Det \u00e4r mycket skuld att b\u00e4ra. Mycket skuld att b\u00e4ra, s\u00e4ger Pa Modou Badjie.\u00a0<\/p>\n<p>Pa Modou Badjie har ber\u00e4ttat att han och hans familj v\u00e4djat om skydd och hj\u00e4lp fr\u00e5n polisen f\u00f6re morden. Anledningen var ett sl\u00e4ktskap med en kriminell person, inte att de sj\u00e4lva \u00e4r inblandade i kriminalitet.<\/p>\n<p>I programmet s\u00e4ger han att m\u00e4nniskorna runt honom f\u00e5r se det positiva, skratten och festerna. Men ingen ser sm\u00e4rtan han b\u00e4r p\u00e5. \u00a0<\/p>\n<p>\u2013 Det \u00e4r d\u00e4rf\u00f6r jag \u00e4r h\u00e4r och hoppas att jag kan jobba med det. S\u00e5 att de h\u00e4r leendena kan bli s\u00e5 \u00e4kta och s\u00e5 bra som m\u00f6jligt.\u00a0<\/p>\n","protected":false},"excerpt":{"rendered":"Publicerad 9 jan 2026 kl 06.30Uppdaterad kl 06.43 Pa Modou Badjies sv\u00e4rmor och fosterdotter sk\u00f6ts ihj\u00e4l i dubbelmordet&hellip;\n","protected":false},"author":2,"featured_media":130277,"comment_status":"","ping_status":"","sticky":false,"template":"","format":"standard","meta":{"footnotes":""},"categories":[67],"tags":[104,361,34,645,31,33,32,30,402,310,436,105],"class_list":{"0":"post-130276","1":"post","2":"type-post","3":"status-publish","4":"format-standard","5":"has-post-thumbnail","7":"category-underhallning","8":"tag-entertainment","9":"tag-organization-svt","10":"tag-se","11":"tag-sections-tv","12":"tag-svenska","13":"tag-sverige","14":"tag-sweden","15":"tag-swedish","16":"tag-topic-artister","17":"tag-topic-kandisar","18":"tag-topic-valdsbrott-mord","19":"tag-underhallning"},"share_on_mastodon":{"url":"https:\/\/pubeurope.com\/@se\/115863886460372494","error":""},"_links":{"self":[{"href":"https:\/\/www.europesays.com\/se\/wp-json\/wp\/v2\/posts\/130276","targetHints":{"allow":["GET"]}}],"collection":[{"href":"https:\/\/www.europesays.com\/se\/wp-json\/wp\/v2\/posts"}],"about":[{"href":"https:\/\/www.europesays.com\/se\/wp-json\/wp\/v2\/types\/post"}],"author":[{"embeddable":true,"href":"https:\/\/www.europesays.com\/se\/wp-json\/wp\/v2\/users\/2"}],"replies":[{"embeddable":true,"href":"https:\/\/www.europesays.com\/se\/wp-json\/wp\/v2\/comments?post=130276"}],"version-history":[{"count":0,"href":"https:\/\/www.europesays.com\/se\/wp-json\/wp\/v2\/posts\/130276\/revisions"}],"wp:featuredmedia":[{"embeddable":true,"href":"https:\/\/www.europesays.com\/se\/wp-json\/wp\/v2\/media\/130277"}],"wp:attachment":[{"href":"https:\/\/www.europesays.com\/se\/wp-json\/wp\/v2\/media?parent=130276"}],"wp:term":[{"taxonomy":"category","embeddable":true,"href":"https:\/\/www.europesays.com\/se\/wp-json\/wp\/v2\/categories?post=130276"},{"taxonomy":"post_tag","embeddable":true,"href":"https:\/\/www.europesays.com\/se\/wp-json\/wp\/v2\/tags?post=130276"}],"curies":[{"name":"wp","href":"https:\/\/api.w.org\/{rel}","templated":true}]}}