{"id":130292,"date":"2026-01-09T07:21:13","date_gmt":"2026-01-09T07:21:13","guid":{"rendered":"https:\/\/www.europesays.com\/se\/130292\/"},"modified":"2026-01-09T07:21:13","modified_gmt":"2026-01-09T07:21:13","slug":"andersson-fick-polisskydd-efter-tiden-i-fangelse","status":"publish","type":"post","link":"https:\/\/www.europesays.com\/se\/130292\/","title":{"rendered":"Andersson fick polisskydd efter tiden i f\u00e4ngelse"},"content":{"rendered":"<p>Vilma Andersson, som misst\u00e4nks ha kidnappat och d\u00f6dat en ung kvinna i R\u00f6nninge i slutet av december, har tidigare haft polisskydd. Det uppgav han sj\u00e4lv i f\u00f6rh\u00f6r 2021, rapporterar Expressen. <\/p>\n<p>Andersson, som d\u00e5 hette Robin i f\u00f6rnamn, d\u00f6mdes 2019 till tv\u00e5 \u00e5r och fyra m\u00e5naders f\u00e4ngelse efter att ha f\u00f6rs\u00f6kt kidnappa en ung flicka p\u00e5 Eker\u00f6 utanf\u00f6r Stockholm. Det var n\u00e4r Andersson sl\u00e4pptes som han fick polisskydd, enligt tidningen. <\/p>\n<p>Andersson, som just nu sitter h\u00e4ktad misst\u00e4nkt f\u00f6r mord, ber\u00e4ttade f\u00f6r polisen att han blivit utsatt f\u00f6r hot och trakasserier efter tiden i f\u00e4ngelse. N\u00e4r polisen fr\u00e5gade honom om han var r\u00e4dd f\u00f6r att n\u00e5got skulle h\u00e4nda honom svarade han ja. <\/p>\n<p>\u2013 Med min historik och det som jag f\u00f6rs\u00f6ker l\u00e4gga bakom mig och b\u00f6rja ett nytt liv s\u00e5 g\u00f6r det h\u00e4r allt s\u00e5 mycket jobbigare, sa han. <\/p>\n<p>Omni \u00e4r politiskt obundna och oberoende. Vi str\u00e4var efter att ge fler perspektiv p\u00e5 nyheterna. Har du fr\u00e5gor eller synpunkter kring v\u00e5r rapportering? <a href=\"https:\/\/omni.se\/andersson-fick-polisskydd-efter-tiden-i-fangelse\/a\/mailto:redaktion@omni.se\" class=\"ArticleActions_contactLink__W2F1M\" rel=\"nofollow noopener\" target=\"_blank\">Kontakta redaktionen<\/a><\/p>\n","protected":false},"excerpt":{"rendered":"Vilma Andersson, som misst\u00e4nks ha kidnappat och d\u00f6dat en ung kvinna i R\u00f6nninge i slutet av december, har&hellip;\n","protected":false},"author":2,"featured_media":130293,"comment_status":"","ping_status":"","sticky":false,"template":"","format":"standard","meta":{"footnotes":""},"categories":[5],"tags":[22,23,128,4835,26,27,17,21,24,25,28,29,15,16,18,11555,34,127,31,33,32,30,19,20],"class_list":{"0":"post-130292","1":"post","2":"type-post","3":"status-publish","4":"format-standard","5":"has-post-thumbnail","7":"category-rubriker","8":"tag-breaking-news","9":"tag-breakingnews","10":"tag-brott","11":"tag-ekero","12":"tag-featured-news","13":"tag-featurednews","14":"tag-headlines","15":"tag-huvudnyheter","16":"tag-latest-news","17":"tag-latestnews","18":"tag-main-news","19":"tag-mainnews","20":"tag-news","21":"tag-nyheter","22":"tag-rubriker","23":"tag-salem","24":"tag-se","25":"tag-stockholms-lan","26":"tag-svenska","27":"tag-sverige","28":"tag-sweden","29":"tag-swedish","30":"tag-top-stories","31":"tag-topstories"},"share_on_mastodon":{"url":"https:\/\/pubeurope.com\/@se\/115863937571535089","error":""},"_links":{"self":[{"href":"https:\/\/www.europesays.com\/se\/wp-json\/wp\/v2\/posts\/130292","targetHints":{"allow":["GET"]}}],"collection":[{"href":"https:\/\/www.europesays.com\/se\/wp-json\/wp\/v2\/posts"}],"about":[{"href":"https:\/\/www.europesays.com\/se\/wp-json\/wp\/v2\/types\/post"}],"author":[{"embeddable":true,"href":"https:\/\/www.europesays.com\/se\/wp-json\/wp\/v2\/users\/2"}],"replies":[{"embeddable":true,"href":"https:\/\/www.europesays.com\/se\/wp-json\/wp\/v2\/comments?post=130292"}],"version-history":[{"count":0,"href":"https:\/\/www.europesays.com\/se\/wp-json\/wp\/v2\/posts\/130292\/revisions"}],"wp:featuredmedia":[{"embeddable":true,"href":"https:\/\/www.europesays.com\/se\/wp-json\/wp\/v2\/media\/130293"}],"wp:attachment":[{"href":"https:\/\/www.europesays.com\/se\/wp-json\/wp\/v2\/media?parent=130292"}],"wp:term":[{"taxonomy":"category","embeddable":true,"href":"https:\/\/www.europesays.com\/se\/wp-json\/wp\/v2\/categories?post=130292"},{"taxonomy":"post_tag","embeddable":true,"href":"https:\/\/www.europesays.com\/se\/wp-json\/wp\/v2\/tags?post=130292"}],"curies":[{"name":"wp","href":"https:\/\/api.w.org\/{rel}","templated":true}]}}