{"id":130300,"date":"2026-01-09T07:29:06","date_gmt":"2026-01-09T07:29:06","guid":{"rendered":"https:\/\/www.europesays.com\/se\/130300\/"},"modified":"2026-01-09T07:29:06","modified_gmt":"2026-01-09T07:29:06","slug":"influensan-ar-har-redan-i-niva-med-forra-arets-topp","status":"publish","type":"post","link":"https:\/\/www.europesays.com\/se\/130300\/","title":{"rendered":"Influensan \u00e4r h\u00e4r \u2013 redan i niv\u00e5 med f\u00f6rra \u00e5rets topp"},"content":{"rendered":"<p>De senaste veckorna har antalet influensafall fortsatt att \u00f6ka vecka f\u00f6r vecka i J\u00f6nk\u00f6pings l\u00e4n. Det s\u00e4ger Malin Bengn\u00e9r, smittskyddsl\u00e4kare <a href=\"https:\/\/www.sverigesradio.se\/artikel\/smittspridningen-okar-vid-skolstart-stanna-hemma-vid-symtom\" rel=\"nofollow noopener\" target=\"_blank\">till SR J\u00f6nk\u00f6ping<\/a>. <\/p>\n<p>F\u00f6rra \u00e5ret kom influensatoppen i J\u00f6nk\u00f6pings l\u00e4n vecka 10. Men redan nu \u00e4r antalet influensafall i J\u00f6nk\u00f6pings l\u00e4n mer \u00e4n dubbelt s\u00e5 m\u00e5nga som motsvarande tid f\u00f6rra \u00e5ret. Det visar statistik fr\u00e5n Folkh\u00e4lsomyndigheten.<\/p>\n<p>\u2013 Ledigheterna runt jul g\u00f6r att vi f\u00e5r en lite mindre smittspridning. Men sedan n\u00e4r terminen drar ig\u00e5ng igen brukar det ta ny fart, eftersom barn och unga st\u00e5r f\u00f6r ganska mycket av smittspridningen av influensa, s\u00e4ger Malin Bengn\u00e9r.<\/p>\n","protected":false},"excerpt":{"rendered":"De senaste veckorna har antalet influensafall fortsatt att \u00f6ka vecka f\u00f6r vecka i J\u00f6nk\u00f6pings l\u00e4n. Det s\u00e4ger Malin&hellip;\n","protected":false},"author":2,"featured_media":130301,"comment_status":"","ping_status":"","sticky":false,"template":"","format":"standard","meta":{"footnotes":""},"categories":[5],"tags":[22,23,26,27,17,21,24,25,28,29,15,16,18,34,31,33,32,30,19,20],"class_list":{"0":"post-130300","1":"post","2":"type-post","3":"status-publish","4":"format-standard","5":"has-post-thumbnail","7":"category-rubriker","8":"tag-breaking-news","9":"tag-breakingnews","10":"tag-featured-news","11":"tag-featurednews","12":"tag-headlines","13":"tag-huvudnyheter","14":"tag-latest-news","15":"tag-latestnews","16":"tag-main-news","17":"tag-mainnews","18":"tag-news","19":"tag-nyheter","20":"tag-rubriker","21":"tag-se","22":"tag-svenska","23":"tag-sverige","24":"tag-sweden","25":"tag-swedish","26":"tag-top-stories","27":"tag-topstories"},"share_on_mastodon":{"url":"https:\/\/pubeurope.com\/@se\/115863968962605757","error":""},"_links":{"self":[{"href":"https:\/\/www.europesays.com\/se\/wp-json\/wp\/v2\/posts\/130300","targetHints":{"allow":["GET"]}}],"collection":[{"href":"https:\/\/www.europesays.com\/se\/wp-json\/wp\/v2\/posts"}],"about":[{"href":"https:\/\/www.europesays.com\/se\/wp-json\/wp\/v2\/types\/post"}],"author":[{"embeddable":true,"href":"https:\/\/www.europesays.com\/se\/wp-json\/wp\/v2\/users\/2"}],"replies":[{"embeddable":true,"href":"https:\/\/www.europesays.com\/se\/wp-json\/wp\/v2\/comments?post=130300"}],"version-history":[{"count":0,"href":"https:\/\/www.europesays.com\/se\/wp-json\/wp\/v2\/posts\/130300\/revisions"}],"wp:featuredmedia":[{"embeddable":true,"href":"https:\/\/www.europesays.com\/se\/wp-json\/wp\/v2\/media\/130301"}],"wp:attachment":[{"href":"https:\/\/www.europesays.com\/se\/wp-json\/wp\/v2\/media?parent=130300"}],"wp:term":[{"taxonomy":"category","embeddable":true,"href":"https:\/\/www.europesays.com\/se\/wp-json\/wp\/v2\/categories?post=130300"},{"taxonomy":"post_tag","embeddable":true,"href":"https:\/\/www.europesays.com\/se\/wp-json\/wp\/v2\/tags?post=130300"}],"curies":[{"name":"wp","href":"https:\/\/api.w.org\/{rel}","templated":true}]}}