{"id":130306,"date":"2026-01-09T07:40:26","date_gmt":"2026-01-09T07:40:26","guid":{"rendered":"https:\/\/www.europesays.com\/se\/130306\/"},"modified":"2026-01-09T07:40:26","modified_gmt":"2026-01-09T07:40:26","slug":"ryska-flaggor-bland-publiken-pa-tour-de-ski-nu-infors-totalforbud-under-os-sport","status":"publish","type":"post","link":"https:\/\/www.europesays.com\/se\/130306\/","title":{"rendered":"Ryska flaggor bland publiken p\u00e5 Tour de Ski \u2013 nu inf\u00f6rs totalf\u00f6rbud under OS | Sport"},"content":{"rendered":"<p class=\"aw-1gybjub aw-5vja16 kEtdKx kmuxyA yle__article__paragraph\">Ryska flaggor syntes under Tour de Ski, men i Milano-Cortina-OS blir de f\u00f6rbjudna b\u00e5de f\u00f6r idrottare och publik.<\/p>\n<p><img decoding=\"async\" alt=\"Savelij Korosteljov i sp\u00e5ret.\" src=\"https:\/\/www.europesays.com\/se\/wp-content\/uploads\/2026\/01\/39-1569329693d9197abbf6.jpeg\" class=\"aw-1l9m598 hKVVvP\"\/><\/p>\n<p>\u00d6ppna bildvisare<\/p>\n<p>Ryska och belarusiska \u00e5kare f\u00e5r numera t\u00e4vla i v\u00e4rldscupen som neutrala idrottare. I Tour de Ski deltog Savelij Korosteljov, Darija Neprijajeva, Hanna Matjachina och Hanna Karaljova. Bild: EPALyssna (du h\u00f6r en artificiell r\u00f6st) 1:50<\/p>\n<p class=\"aw-1gybjub aw-1p7kakr kEtdKx cEmitX yle__article__paragraph\">Under Tour de Skis sista etapp p\u00e5 Alpe Cermis syntes flera ryska flaggor bland \u00e5sk\u00e5darna. Enligt <a class=\"aw-iao6s4 iHOxEa yle__article__link\" href=\"https:\/\/www.is.fi\/maastohiihto\/art-2000011728671.html\" role=\"link\" rel=\"nofollow noopener\" target=\"_blank\">Ilta-Sanomat<\/a> tillh\u00f6rde flaggorna ett g\u00e4ng ryska turister som hade kommit f\u00f6r att heja fram Savelij Korosteljov.<\/p>\n<p class=\"aw-1gybjub aw-1p7kakr kEtdKx cEmitX yle__article__paragraph\">B\u00e5de Korosteljov och Darija Neprijajeva t\u00e4vlade som neutrala idrottare och fick inte anv\u00e4nda n\u00e5gra nationella symboler under t\u00e4vlingen, men publiken omfattades inte av samma restriktioner.<\/p>\n<p class=\"aw-1gybjub aw-1p7kakr kEtdKx cEmitX yle__article__paragraph\">Den 22-\u00e5rige Korosteljov ber\u00e4ttade efter loppet f\u00f6r <a class=\"aw-iao6s4 iHOxEa yle__article__link\" href=\"https:\/\/www.aftonbladet.se\/senastenytt\/ttsport\/sport\/a\/6qjQ0O\/anger-ryska-flaggor-ar-inte-sa-himla-neutralt\" role=\"link\" rel=\"nofollow noopener\" target=\"_blank\">Aftonbladet<\/a> att han blev \u00f6verraskad men glad n\u00e4r han s\u00e5g de ryska flaggorna i publiken.<\/p>\n<p>Str\u00e4ngare regler under OS<\/p>\n<p class=\"aw-1gybjub aw-1p7kakr kEtdKx cEmitX yle__article__paragraph\">N\u00e4r vinter-OS i Milano-Cortina avg\u00f6rs i februari kommer regelverket att vara betydligt h\u00e5rdare.<\/p>\n<p class=\"aw-1gybjub aw-1p7kakr kEtdKx cEmitX yle__article__paragraph\">Den Internationella olympiska kommitt\u00e9n (IOK) har via mejl till <a class=\"aw-iao6s4 iHOxEa yle__article__link\" href=\"https:\/\/www.sverigesradio.se\/artikel\/iok-inga-ryska-flaggor-tillatna-i-os-publiken?utm_source=sdrn%3Avg%3Aarticle%3AOkpwmO\" role=\"link\" rel=\"nofollow noopener\" target=\"_blank\">svenska Radiosporten<\/a> meddelat att man sk\u00e4rpt reglerna efter h\u00e4ndelserna under Tour de Ski.<\/p>\n<p class=\"aw-1gybjub aw-1p7kakr kEtdKx cEmitX yle__article__paragraph\">Nu \u00e4r det f\u00f6rbjudet att visa ryska och belarusiska flaggor eller andra symboler som associeras med l\u00e4nderna och f\u00f6rbudet g\u00e4ller \u00e4ven f\u00f6r publiken.<\/p>\n<p class=\"aw-1gybjub aw-1p7kakr kEtdKx cEmitX yle__article__paragraph\">Internationella skidf\u00f6rbundet (Fis) beslutade redan i oktober att ryska och belarusiska \u00e5kare inte f\u00e5r delta i v\u00e4rldscupt\u00e4vlingar, och d\u00e4rmed inte heller i OS, varken under egen flagg eller som neutrala. Internationella skiljedomstolen f\u00f6r idrott (Cas) rev \u00e4nd\u00e5 upp beslutet i slutet av f\u00f6rra \u00e5ret.<\/p>\n<p class=\"aw-1gybjub aw-1p7kakr kEtdKx cEmitX yle__article__paragraph\">F\u00f6r att f\u00e5 t\u00e4vla i Fis-grenar m\u00e5ste ryska och belarusiska idrottare uppfylla s\u00e4rskilda krav, bland annat f\u00e5r de inte ha n\u00e5gon frivillig koppling till arm\u00e9n i sina heml\u00e4nder. De t\u00e4vlar som neutrala och f\u00e5r varken anv\u00e4nda flagga eller andra nationella symboler.<\/p>\n","protected":false},"excerpt":{"rendered":"Ryska flaggor syntes under Tour de Ski, men i Milano-Cortina-OS blir de f\u00f6rbjudna b\u00e5de f\u00f6r idrottare och publik.&hellip;\n","protected":false},"author":2,"featured_media":130307,"comment_status":"","ping_status":"","sticky":false,"template":"","format":"standard","meta":{"footnotes":""},"categories":[68],"tags":[13385,13384,6701,6696,13386,264,34,111,110,31,33,32,30,12713,579],"class_list":{"0":"post-130306","1":"post","2":"type-post","3":"status-publish","4":"format-standard","5":"has-post-thumbnail","7":"category-sport","8":"tag-flaggor","9":"tag-internationella-olympiska-kommitten-iok","10":"tag-internationella-skidforbundet-fis","11":"tag-langdskidakning","12":"tag-olympiska-vinterspelen","13":"tag-ryssland","14":"tag-se","15":"tag-sport","16":"tag-sports","17":"tag-svenska","18":"tag-sverige","19":"tag-sweden","20":"tag-swedish","21":"tag-tour-de-ski","22":"tag-yle-sporten"},"share_on_mastodon":{"url":"https:\/\/pubeurope.com\/@se\/115864012275475770","error":""},"_links":{"self":[{"href":"https:\/\/www.europesays.com\/se\/wp-json\/wp\/v2\/posts\/130306","targetHints":{"allow":["GET"]}}],"collection":[{"href":"https:\/\/www.europesays.com\/se\/wp-json\/wp\/v2\/posts"}],"about":[{"href":"https:\/\/www.europesays.com\/se\/wp-json\/wp\/v2\/types\/post"}],"author":[{"embeddable":true,"href":"https:\/\/www.europesays.com\/se\/wp-json\/wp\/v2\/users\/2"}],"replies":[{"embeddable":true,"href":"https:\/\/www.europesays.com\/se\/wp-json\/wp\/v2\/comments?post=130306"}],"version-history":[{"count":0,"href":"https:\/\/www.europesays.com\/se\/wp-json\/wp\/v2\/posts\/130306\/revisions"}],"wp:featuredmedia":[{"embeddable":true,"href":"https:\/\/www.europesays.com\/se\/wp-json\/wp\/v2\/media\/130307"}],"wp:attachment":[{"href":"https:\/\/www.europesays.com\/se\/wp-json\/wp\/v2\/media?parent=130306"}],"wp:term":[{"taxonomy":"category","embeddable":true,"href":"https:\/\/www.europesays.com\/se\/wp-json\/wp\/v2\/categories?post=130306"},{"taxonomy":"post_tag","embeddable":true,"href":"https:\/\/www.europesays.com\/se\/wp-json\/wp\/v2\/tags?post=130306"}],"curies":[{"name":"wp","href":"https:\/\/api.w.org\/{rel}","templated":true}]}}