{"id":130308,"date":"2026-01-09T07:43:14","date_gmt":"2026-01-09T07:43:14","guid":{"rendered":"https:\/\/www.europesays.com\/se\/130308\/"},"modified":"2026-01-09T07:43:14","modified_gmt":"2026-01-09T07:43:14","slug":"hade-betalt-rum-anda-akte-hemlosa-ut-fran-hotellet","status":"publish","type":"post","link":"https:\/\/www.europesays.com\/se\/130308\/","title":{"rendered":"Hade betalt rum \u2013 \u00e4nd\u00e5 \u00e5kte heml\u00f6sa ut fr\u00e5n hotellet"},"content":{"rendered":"<p>Publicerad 9 jan 2026 kl 03.40Uppdaterad kl 05.00<\/p>\n<p>Rummen var betalda av en god samarit \u2013 men de tv\u00e5 heml\u00f6sa m\u00e4nnen skickades \u00e4nd\u00e5 ut i minusgrader.<\/p>\n<p>\u2013 Jag vet att ni \u00e4r fr\u00e5n gatan, hotellet till\u00e5ter inte det, h\u00f6rs receptionisten s\u00e4ga i en video.<\/p>\n<p>Nu f\u00e5r budgethotellet i Manchester stark kritik.<\/p>\n<p><img   alt=\"\"\/><\/p>\n<p>Hotellet ber nu om urs\u00e4kt.<\/p>\n<p>Foto: Google Maps \/ Google<\/p>\n<p>\u00d6ppna bild i helsk\u00e4rm<\/p>\n<p>Kylan har tagit ett starkt grepp om Storbritannien de senaste veckorna.<\/p>\n<p>F\u00f6r heml\u00f6sa som tvingas spendera n\u00e4tter utomhus kan det snabbt bli livsfarligt. Strax innan ny\u00e5r hittades 47-\u00e5riga pappan Anthony Horn d\u00f6d i <a href=\"https:\/\/www.expressen.se\/tagg\/location\/manchester\/\" class=\"\" rel=\"nofollow noopener\" target=\"_blank\">Manchester<\/a> efter en natt utomhus.<\/p>\n<p>Olika hj\u00e4lporganisationer har anstr\u00e4ngt sig extra f\u00f6r att hj\u00e4lpa till med sovplatser i staden.<\/p>\n<p>F\u00f6r ett par dagar sedan var temperaturen nere p\u00e5 minus sex grader och Amanda Thompson fr\u00e5n gruppen \u201dTwo Brews\u201d gjorde en hotellbokning ur egen ficka med hj\u00e4lp av donationer.<\/p>\n<p>De tv\u00e5 rummen med frukost p\u00e5 Holiday Inn Express skulle g\u00e5 till tv\u00e5 heml\u00f6sa m\u00e4n i Manchester.<\/p>\n<p>\u201dSka inte ljuga f\u00f6r er\u201d<\/p>\n<p>Men p\u00e5 plats nekades m\u00e4nnen \u00e4nd\u00e5, skriver <a href=\"https:\/\/www.dailymail.co.uk\/news\/article-15445499\/Holiday-Inn-turned-away-two-homeless-men-subfreezing-temperatures-despite-Good-Samaritan-paying-rooms.html\" rel=\"nofollow noopener\" target=\"_blank\">Daily Mail<\/a>.<\/p>\n<p>En medf\u00f6ljare filmade f\u00f6rs\u00f6ket att checka in. I videon som sprids s\u00e4ger receptionisten rakt ut att de inte \u00e4r v\u00e4lkomna.<\/p>\n<p>\u2013 Killar, jag ska inte ljuga f\u00f6r er. Jag kommer inte kunna checka in er. Sanningen \u00e4r att jag vet att ni \u00e4r fr\u00e5n gatan, hotellet till\u00e5ter inte det, s\u00e4ger receptionisten i videon.<\/p>\n<p>Samtidigt var det sex minusgrader ute.<\/p>\n<p>Lyckligtvis tog ett n\u00e4rliggande hotell emot m\u00e4nnen.<\/p>\n<p>\u2013 Det h\u00e4r \u00e4r en inhuman diskriminering. Det \u00e4r vidrigt, jag f\u00f6rst\u00e5r inte vad problemet var, s\u00e4ger Amanda Thompson som betalade f\u00f6r rummen.<\/p>\n<p>En talesperson f\u00f6r hotellkedjan ber man om urs\u00e4kt och s\u00e4ger att det \u2013 tv\u00e4rtemot vad receptionisten sa \u2013 inte \u00e4r enligt hotellets policy.<\/p>\n","protected":false},"excerpt":{"rendered":"Publicerad 9 jan 2026 kl 03.40Uppdaterad kl 05.00 Rummen var betalda av en god samarit \u2013 men de&hellip;\n","protected":false},"author":2,"featured_media":130309,"comment_status":"","ping_status":"","sticky":false,"template":"","format":"standard","meta":{"footnotes":""},"categories":[65],"tags":[72,70,71,13288,199,34,55,31,33,32,30],"class_list":{"0":"post-130308","1":"post","2":"type-post","3":"status-publish","4":"format-standard","5":"has-post-thumbnail","7":"category-ekonomi","8":"tag-business","9":"tag-economy","10":"tag-ekonomi","11":"tag-location-manchester","12":"tag-location-storbritannien","13":"tag-se","14":"tag-sections-varlden","15":"tag-svenska","16":"tag-sverige","17":"tag-sweden","18":"tag-swedish"},"share_on_mastodon":{"url":"https:\/\/pubeurope.com\/@se\/115864024061664277","error":""},"_links":{"self":[{"href":"https:\/\/www.europesays.com\/se\/wp-json\/wp\/v2\/posts\/130308","targetHints":{"allow":["GET"]}}],"collection":[{"href":"https:\/\/www.europesays.com\/se\/wp-json\/wp\/v2\/posts"}],"about":[{"href":"https:\/\/www.europesays.com\/se\/wp-json\/wp\/v2\/types\/post"}],"author":[{"embeddable":true,"href":"https:\/\/www.europesays.com\/se\/wp-json\/wp\/v2\/users\/2"}],"replies":[{"embeddable":true,"href":"https:\/\/www.europesays.com\/se\/wp-json\/wp\/v2\/comments?post=130308"}],"version-history":[{"count":0,"href":"https:\/\/www.europesays.com\/se\/wp-json\/wp\/v2\/posts\/130308\/revisions"}],"wp:featuredmedia":[{"embeddable":true,"href":"https:\/\/www.europesays.com\/se\/wp-json\/wp\/v2\/media\/130309"}],"wp:attachment":[{"href":"https:\/\/www.europesays.com\/se\/wp-json\/wp\/v2\/media?parent=130308"}],"wp:term":[{"taxonomy":"category","embeddable":true,"href":"https:\/\/www.europesays.com\/se\/wp-json\/wp\/v2\/categories?post=130308"},{"taxonomy":"post_tag","embeddable":true,"href":"https:\/\/www.europesays.com\/se\/wp-json\/wp\/v2\/tags?post=130308"}],"curies":[{"name":"wp","href":"https:\/\/api.w.org\/{rel}","templated":true}]}}