{"id":130310,"date":"2026-01-09T07:45:06","date_gmt":"2026-01-09T07:45:06","guid":{"rendered":"https:\/\/www.europesays.com\/se\/130310\/"},"modified":"2026-01-09T07:45:06","modified_gmt":"2026-01-09T07:45:06","slug":"vi-har-provat-mycket-och-misslyckats-ibland","status":"publish","type":"post","link":"https:\/\/www.europesays.com\/se\/130310\/","title":{"rendered":"Vi har provat mycket och misslyckats ibland"},"content":{"rendered":"<p class=\"preamble large\">P\u00e5 familjeg\u00e5rden utanf\u00f6r Vetlanda har Sandra och Mattias S\u00e4lleteg skapat n\u00e5got alldeles eget. J\u00e4msides med lantbruket driver de Trakt Forest Hotel och g\u00e4ster kommer fr\u00e5n hela v\u00e4rlden f\u00f6r att uppleva naturen, lugnet och tystnaden ute i skogen.<\/p>\n<p>G\u00e5rden \u00e4r Mattias f\u00f6r\u00e4ldrahem och \u00e4nda sedan de flyttade in 2001 har dr\u00f6mmen varit att utveckla den. Under ett antal \u00e5r arbetade b\u00e5de Mattias och Sandra utanf\u00f6r hemmet, men till slut blev de tvungna att v\u00e4lja v\u00e4g. \u00a0<\/p>\n<p>\u2013 Vi hade pratat om v\u00e5ra id\u00e9er i m\u00e5nga \u00e5r. Till slut k\u00e4nde vi att det var dags att sluta prata och b\u00f6rja f\u00f6rverkliga dem och 2017 satte vi i g\u00e5ng, s\u00e4ger Sandra.\u00a0<\/p>\n<p>Mattias hade inspirerats av tr\u00e4dhotell i Norrland och b\u00e5da gillade tanken. De tog kontakt med arkitekten Gert Wing\u00e5rdh och en konkret plan tog form, d\u00e4r skogens lugn blev sj\u00e4lva lyxen. Idag kan g\u00e4sterna bo i skogssviter, \u00e4ta trer\u00e4ttersmiddagar med lokala ingredienser och ta del av aktiviteter som vandring och bastubad. K\u00e4rnan i verksamheten \u00e4r att erbjuda naturn\u00e4ra upplevelser, tystnad och \u00e5terh\u00e4mtning. \u00a0<\/p>\n<p>En resa i mod och l\u00e4rande\u00a0<\/p>\n<p>V\u00e4gen har inte varit spikrak och deras tro har varit en styrka och gett b\u00e5de mod och tillit vid motg\u00e5ngar. \u00a0<\/p>\n<p>\u2013 Vi har tagit ett steg i taget och mycket har l\u00f6st sig l\u00e4ngs v\u00e4gen, ofta p\u00e5 ov\u00e4ntade s\u00e4tt, s\u00e4ger Mattias. \u00a0<\/p>\n<p>De har l\u00e4rt sig om allt fr\u00e5n bygglov och marknadsf\u00f6ring till att vara arbetsgivare, en av nycklarna har varit att fr\u00e5ga sig fram.\u00a0<br \/>\u00a0<br \/>\u2013 Vi kan inte allt sj\u00e4lva, men vi \u00e4r bra p\u00e5 att be om hj\u00e4lp och hitta de som kan och vi har blivit mindre r\u00e4dda f\u00f6r att pr\u00f6va nya saker, s\u00e4ger Mattias.\u00a0<\/p>\n<p>En plats som b\u00e4r fler \u00e4n familjen\u00a0<\/p>\n<p>Namnet Trakt kommer fr\u00e5n ordet f\u00f6r en liten del av skogen, men ocks\u00e5 f\u00f6r bygden. Det speglar deras vilja att inte bara utveckla g\u00e5rden, utan ocks\u00e5 bidra till den plats de lever p\u00e5. Idag arbetar sju fastanst\u00e4llda och ett tjugotal timanst\u00e4llda p\u00e5 Trakt, m\u00e5nga \u00e4r just fr\u00e5n trakten h\u00e4romkring.\u00a0<\/p>\n<p>\u2013 Vi har h\u00e5llit p\u00e5 i n\u00e5gra \u00e5r nu och verksamheten b\u00f6rjar b\u00e4ra sig, men vi har m\u00e5nga fler id\u00e9er och projekt vi vill f\u00f6rverkliga, s\u00e4ger Sandra.\u00a0<\/p>\n<p>Just nu byggs ett g\u00e5rdshotell f\u00f6r att \u00f6ka antalet g\u00e4ster de kan ta emot och det finns tankar om att utveckla temahelger, retreat och gr\u00f6n rehabilitering. Deras vision \u00e4r tydlig i allt de g\u00f6r: att erbjuda lugn och n\u00e4rvaro i en tid som annars g\u00e5r f\u00f6r fort. Att skapa en h\u00e5llbar verksamhet d\u00e4r m\u00e4nniskor, natur och f\u00f6retagande m\u00f6ts i balans.\u00a0<\/p>\n<p>\u2013 Vi har provat mycket och misslyckats ibland, men man f\u00e5r inte ge upp. Det viktiga \u00e4r att v\u00e5ga. Dr\u00f6mmar blir verklighet, ett steg i taget, s\u00e4ger Sandra.\u00a0<\/p>\n","protected":false},"excerpt":{"rendered":"P\u00e5 familjeg\u00e5rden utanf\u00f6r Vetlanda har Sandra och Mattias S\u00e4lleteg skapat n\u00e5got alldeles eget. J\u00e4msides med lantbruket driver de&hellip;\n","protected":false},"author":2,"featured_media":130311,"comment_status":"","ping_status":"","sticky":false,"template":"","format":"standard","meta":{"footnotes":""},"categories":[12],"tags":[22,23,26,27,17,21,24,25,28,29,15,16,18,34,31,33,32,30,19,20],"class_list":{"0":"post-130310","1":"post","2":"type-post","3":"status-publish","4":"format-standard","5":"has-post-thumbnail","7":"category-sverige","8":"tag-breaking-news","9":"tag-breakingnews","10":"tag-featured-news","11":"tag-featurednews","12":"tag-headlines","13":"tag-huvudnyheter","14":"tag-latest-news","15":"tag-latestnews","16":"tag-main-news","17":"tag-mainnews","18":"tag-news","19":"tag-nyheter","20":"tag-rubriker","21":"tag-se","22":"tag-svenska","23":"tag-sverige","24":"tag-sweden","25":"tag-swedish","26":"tag-top-stories","27":"tag-topstories"},"share_on_mastodon":{"url":"https:\/\/pubeurope.com\/@se\/115864031872685100","error":""},"_links":{"self":[{"href":"https:\/\/www.europesays.com\/se\/wp-json\/wp\/v2\/posts\/130310","targetHints":{"allow":["GET"]}}],"collection":[{"href":"https:\/\/www.europesays.com\/se\/wp-json\/wp\/v2\/posts"}],"about":[{"href":"https:\/\/www.europesays.com\/se\/wp-json\/wp\/v2\/types\/post"}],"author":[{"embeddable":true,"href":"https:\/\/www.europesays.com\/se\/wp-json\/wp\/v2\/users\/2"}],"replies":[{"embeddable":true,"href":"https:\/\/www.europesays.com\/se\/wp-json\/wp\/v2\/comments?post=130310"}],"version-history":[{"count":0,"href":"https:\/\/www.europesays.com\/se\/wp-json\/wp\/v2\/posts\/130310\/revisions"}],"wp:featuredmedia":[{"embeddable":true,"href":"https:\/\/www.europesays.com\/se\/wp-json\/wp\/v2\/media\/130311"}],"wp:attachment":[{"href":"https:\/\/www.europesays.com\/se\/wp-json\/wp\/v2\/media?parent=130310"}],"wp:term":[{"taxonomy":"category","embeddable":true,"href":"https:\/\/www.europesays.com\/se\/wp-json\/wp\/v2\/categories?post=130310"},{"taxonomy":"post_tag","embeddable":true,"href":"https:\/\/www.europesays.com\/se\/wp-json\/wp\/v2\/tags?post=130310"}],"curies":[{"name":"wp","href":"https:\/\/api.w.org\/{rel}","templated":true}]}}