{"id":130314,"date":"2026-01-09T07:52:12","date_gmt":"2026-01-09T07:52:12","guid":{"rendered":"https:\/\/www.europesays.com\/se\/130314\/"},"modified":"2026-01-09T07:52:12","modified_gmt":"2026-01-09T07:52:12","slug":"trumps-ilska-mot-norden-rasar-mot-norge","status":"publish","type":"post","link":"https:\/\/www.europesays.com\/se\/130314\/","title":{"rendered":"Trumps ilska mot Norden \u2013 rasar mot Norge"},"content":{"rendered":"<p>Publicerad 9 jan 2026 kl 04.57Uppdaterad kl 07.40<\/p>\n<p>Samtidigt som Trump kr\u00e4ver Gr\u00f6nland av Danmark riktar han blickarna mot danskarnas grannland \u2013 igen.<\/p>\n<p>\u2013 Det h\u00e4r har blivit pinsamt f\u00f6r Norge, s\u00e4ger han till Fox News om att han inte fick fredspriset.<\/p>\n<p><img   alt=\"\"\/><\/p>\n<p>Donald Trump.<\/p>\n<p>Foto: DANIEL TOROK \/ AVALON \/ STELLA PICTURES<\/p>\n<p>\u00d6ppna bild i helsk\u00e4rm<\/p>\n<p><a href=\"https:\/\/www.expressen.se\/tagg\/person\/donald-trump\/\" class=\"\" rel=\"nofollow noopener\" target=\"_blank\">Donald Trump<\/a> har upprepade g\u00e5nger pratat om att han borde tilldelas Nobels fredspris f\u00f6r sina insatser.<\/p>\n<p>I en intervju med Fox News g\u00e5r han nu \u00e5terigen till attack mot Norge, d\u00e4r priset delas ut.<\/p>\n<p>\u2013 Jag vet inte vad Norge har med det h\u00e4r att g\u00f6ra, men det \u00e4r d\u00e4r kommitt\u00e9n finns och den har m\u00e5nga norrm\u00e4n, s\u00e4ger han i en intervju med Fox News som s\u00e4ndes p\u00e5 torsdagskv\u00e4llen.<\/p>\n<p>Trump s\u00e4ger att han, \u201di teorin\u201d, borde f\u00e5 ett fredspris f\u00f6r varje av de \u00e5tta krig han menar att han stoppat.<\/p>\n<p>\u2013 Det h\u00e4r har varit en stor prestigef\u00f6rlust f\u00f6r Norge, oavsett om de har n\u00e5got med det att g\u00f6ra eller inte. Jag tycker de har det, men de s\u00e4ger sj\u00e4lva att de inte har det, s\u00e4ger Trump i intervjun.<\/p>\n<p><img alt=\"\"\/>Ljudklippet gick inte att spela upp<\/p>\n<p>F\u00f6rs\u00f6k igen senare<\/p>\n","protected":false},"excerpt":{"rendered":"Publicerad 9 jan 2026 kl 04.57Uppdaterad kl 07.40 Samtidigt som Trump kr\u00e4ver Gr\u00f6nland av Danmark riktar han blickarna&hellip;\n","protected":false},"author":2,"featured_media":130315,"comment_status":"","ping_status":"","sticky":false,"template":"","format":"standard","meta":{"footnotes":""},"categories":[14],"tags":[22,23,26,27,17,21,24,25,28,29,15,16,1022,198,18,34,55,31,33,32,30,19,20,51,52,53,54],"class_list":{"0":"post-130314","1":"post","2":"type-post","3":"status-publish","4":"format-standard","5":"has-post-thumbnail","7":"category-varlden","8":"tag-breaking-news","9":"tag-breakingnews","10":"tag-featured-news","11":"tag-featurednews","12":"tag-headlines","13":"tag-huvudnyheter","14":"tag-latest-news","15":"tag-latestnews","16":"tag-main-news","17":"tag-mainnews","18":"tag-news","19":"tag-nyheter","20":"tag-organization-nobelpriset","21":"tag-person-donald-trump","22":"tag-rubriker","23":"tag-se","24":"tag-sections-varlden","25":"tag-svenska","26":"tag-sverige","27":"tag-sweden","28":"tag-swedish","29":"tag-top-stories","30":"tag-topstories","31":"tag-varlden","32":"tag-world","33":"tag-world-news","34":"tag-worldnews"},"share_on_mastodon":{"url":"https:\/\/pubeurope.com\/@se\/115864059538348446","error":""},"_links":{"self":[{"href":"https:\/\/www.europesays.com\/se\/wp-json\/wp\/v2\/posts\/130314","targetHints":{"allow":["GET"]}}],"collection":[{"href":"https:\/\/www.europesays.com\/se\/wp-json\/wp\/v2\/posts"}],"about":[{"href":"https:\/\/www.europesays.com\/se\/wp-json\/wp\/v2\/types\/post"}],"author":[{"embeddable":true,"href":"https:\/\/www.europesays.com\/se\/wp-json\/wp\/v2\/users\/2"}],"replies":[{"embeddable":true,"href":"https:\/\/www.europesays.com\/se\/wp-json\/wp\/v2\/comments?post=130314"}],"version-history":[{"count":0,"href":"https:\/\/www.europesays.com\/se\/wp-json\/wp\/v2\/posts\/130314\/revisions"}],"wp:featuredmedia":[{"embeddable":true,"href":"https:\/\/www.europesays.com\/se\/wp-json\/wp\/v2\/media\/130315"}],"wp:attachment":[{"href":"https:\/\/www.europesays.com\/se\/wp-json\/wp\/v2\/media?parent=130314"}],"wp:term":[{"taxonomy":"category","embeddable":true,"href":"https:\/\/www.europesays.com\/se\/wp-json\/wp\/v2\/categories?post=130314"},{"taxonomy":"post_tag","embeddable":true,"href":"https:\/\/www.europesays.com\/se\/wp-json\/wp\/v2\/tags?post=130314"}],"curies":[{"name":"wp","href":"https:\/\/api.w.org\/{rel}","templated":true}]}}