{"id":130324,"date":"2026-01-09T08:07:24","date_gmt":"2026-01-09T08:07:24","guid":{"rendered":"https:\/\/www.europesays.com\/se\/130324\/"},"modified":"2026-01-09T08:07:24","modified_gmt":"2026-01-09T08:07:24","slug":"hsbc-raknar-med-att-guldpriset-nar-5-000-dollar-under-h1","status":"publish","type":"post","link":"https:\/\/www.europesays.com\/se\/130324\/","title":{"rendered":"HSBC r\u00e4knar med att guldpriset n\u00e5r 5 000 dollar under H1"},"content":{"rendered":"<p>&#13;<br \/>\n                        Uppg\u00e5ngen drivs av geopolitisk os\u00e4kerhet, \u00f6kande statsskulder och fortsatt stark efterfr\u00e5gan fr\u00e5n investerare. <\/p>\n<p>Geopolitiska sp\u00e4nningar ses fortfarande som en viktig drivkraft. Analytikern pekar p\u00e5 det p\u00e5g\u00e5ende kriget i Ukraina, f\u00f6r\u00e4ndringar i USA:s utrikespolitik, rivaliteten mellan USA och Kina och konflikter i Mellan\u00f6stern som faktorer som st\u00f6der efterfr\u00e5gan.<\/p>\n<p>Samtidigt v\u00e4ntas centralbanker och institutioner att forts\u00e4tta k\u00f6pa \u00e4delmetallen, \u00e4ven om prisrallyt kan mattas senare under 2026 i takt med \u00f6kat utbud och svagare fysisk efterfr\u00e5gan, heter det.<\/p>\n<p>Guldet (spot) sjunker idag 0,9 procent till 4 418 dollar.&#13;\n                    <\/p>\n","protected":false},"excerpt":{"rendered":"&#13; Uppg\u00e5ngen drivs av geopolitisk os\u00e4kerhet, \u00f6kande statsskulder och fortsatt stark efterfr\u00e5gan fr\u00e5n investerare. Geopolitiska sp\u00e4nningar ses fortfarande&hellip;\n","protected":false},"author":2,"featured_media":130325,"comment_status":"","ping_status":"","sticky":false,"template":"","format":"standard","meta":{"footnotes":""},"categories":[65],"tags":[72,70,71,454,453,451,452,34,31,33,32,30,455],"class_list":{"0":"post-130324","1":"post","2":"type-post","3":"status-publish","4":"format-standard","5":"has-post-thumbnail","7":"category-ekonomi","8":"tag-business","9":"tag-economy","10":"tag-ekonomi","11":"tag-ekonomisk-analys","12":"tag-finans","13":"tag-finansiella-nyheter","14":"tag-investera","15":"tag-se","16":"tag-svenska","17":"tag-sverige","18":"tag-sweden","19":"tag-swedish","20":"tag-trading"},"share_on_mastodon":{"url":"https:\/\/pubeurope.com\/@se\/115864118396651979","error":""},"_links":{"self":[{"href":"https:\/\/www.europesays.com\/se\/wp-json\/wp\/v2\/posts\/130324","targetHints":{"allow":["GET"]}}],"collection":[{"href":"https:\/\/www.europesays.com\/se\/wp-json\/wp\/v2\/posts"}],"about":[{"href":"https:\/\/www.europesays.com\/se\/wp-json\/wp\/v2\/types\/post"}],"author":[{"embeddable":true,"href":"https:\/\/www.europesays.com\/se\/wp-json\/wp\/v2\/users\/2"}],"replies":[{"embeddable":true,"href":"https:\/\/www.europesays.com\/se\/wp-json\/wp\/v2\/comments?post=130324"}],"version-history":[{"count":0,"href":"https:\/\/www.europesays.com\/se\/wp-json\/wp\/v2\/posts\/130324\/revisions"}],"wp:featuredmedia":[{"embeddable":true,"href":"https:\/\/www.europesays.com\/se\/wp-json\/wp\/v2\/media\/130325"}],"wp:attachment":[{"href":"https:\/\/www.europesays.com\/se\/wp-json\/wp\/v2\/media?parent=130324"}],"wp:term":[{"taxonomy":"category","embeddable":true,"href":"https:\/\/www.europesays.com\/se\/wp-json\/wp\/v2\/categories?post=130324"},{"taxonomy":"post_tag","embeddable":true,"href":"https:\/\/www.europesays.com\/se\/wp-json\/wp\/v2\/tags?post=130324"}],"curies":[{"name":"wp","href":"https:\/\/api.w.org\/{rel}","templated":true}]}}