{"id":130326,"date":"2026-01-09T08:13:10","date_gmt":"2026-01-09T08:13:10","guid":{"rendered":"https:\/\/www.europesays.com\/se\/130326\/"},"modified":"2026-01-09T08:13:10","modified_gmt":"2026-01-09T08:13:10","slug":"casper-janebrinks-angest-om-18-ar-yngre-hustrun","status":"publish","type":"post","link":"https:\/\/www.europesays.com\/se\/130326\/","title":{"rendered":"Casper Janebrinks \u00e5ngest om 18 \u00e5r yngre hustrun"},"content":{"rendered":"<p>Publicerad 9 jan 2026 kl 08.42<\/p>\n<p>Casper Janebrink \u00e4r 18 \u00e5r \u00e4ldre \u00e4n frun Therese.<\/p>\n<p>\u2013 I och med att jag har en yngre fru kan jag k\u00e4nna en r\u00e4dsla f\u00f6r att bli l\u00e4mnad, s\u00e4ger han till Hemmets Journal, enligt <a href=\"https:\/\/www.hant.se\/noje\/ar-klar-for-sveriges-dummaste-sasong-2\/11215775?second_article=true\" rel=\"nofollow noopener\" target=\"_blank\">H\u00e4nt<\/a>.<\/p>\n<p><img   alt=\"\"\/><\/p>\n<p>Casper Janebrink.<\/p>\n<p>Foto: Hanna Brunl\u00f6f Windell<\/p>\n<p>\u00d6ppna bild i helsk\u00e4rm<\/p>\n<p>Efter att ha skilt sig fr\u00e5n frun Helena Janebrink 2022 tr\u00e4ffade <a href=\"https:\/\/www.expressen.se\/tagg\/organization\/arvingarna\/\" class=\"\" rel=\"nofollow noopener\" target=\"_blank\">Arvingarnas<\/a> Casper Janebrink en ny k\u00e4rlek \u00e5ret d\u00e4rp\u00e5. Efter ett hemligt frieri gifte han sig med Therese Janebrink i augusti 2024.<\/p>\n<p>Paret tr\u00e4ffades f\u00f6r f\u00f6rsta g\u00e5ngen p\u00e5 gymmet.<\/p>\n<p>\u2013 Hon f\u00e5r mig att bli en b\u00e4ttre m\u00e4nniska och hon f\u00e5r mig ocks\u00e5 att k\u00e4nna mig yngre, s\u00e4ger Casper Janebrink nu till Hemmets journal.<\/p>\n<p><img loading=\"lazy\"   alt=\"\"\/><\/p>\n<p>Casper och Therese Janebrink 2023.<\/p>\n<p>Foto: Jari Kantola\/TT<\/p>\n<p>\u00d6ppna bild i helsk\u00e4rm<\/p>\n<p>Han \u00e4r 55 \u00e5r och hon 37 \u2013 det skiljer allts\u00e5 18 \u00e5r mellan dem.<\/p>\n<p>\u2013 Ibland s\u00e4ger Therese till mig att jag pratar p\u00e5 ett gammalt s\u00e4tt. Det kan till exempel handla om att jag uttrycker mig med ord som man inte l\u00e4ngre f\u00e5r lov att s\u00e4ga, uttryck som \u00e4r felaktiga, och d\u00e5 r\u00e4ttar hon mig.<\/p>\n<p>Han har ocks\u00e5 en \u00e5ngest kopplad till just \u00e5ldern.<\/p>\n<p>\u2013 I och med att jag har en yngre fru kan jag k\u00e4nna en r\u00e4dsla f\u00f6r att bli l\u00e4mnad. Kanske inte nu, men n\u00e4r jag \u00e4r 65 \u2026 Vill hon fortfarande ha mig d\u00e5?<\/p>\n","protected":false},"excerpt":{"rendered":"Publicerad 9 jan 2026 kl 08.42 Casper Janebrink \u00e4r 18 \u00e5r \u00e4ldre \u00e4n frun Therese. \u2013 I och&hellip;\n","protected":false},"author":2,"featured_media":130327,"comment_status":"","ping_status":"","sticky":false,"template":"","format":"standard","meta":{"footnotes":""},"categories":[67],"tags":[104,4664,34,31,33,32,30,310,105],"class_list":{"0":"post-130326","1":"post","2":"type-post","3":"status-publish","4":"format-standard","5":"has-post-thumbnail","7":"category-underhallning","8":"tag-entertainment","9":"tag-organization-arvingarna","10":"tag-se","11":"tag-svenska","12":"tag-sverige","13":"tag-sweden","14":"tag-swedish","15":"tag-topic-kandisar","16":"tag-underhallning"},"share_on_mastodon":{"url":"https:\/\/pubeurope.com\/@se\/115864142355457921","error":""},"_links":{"self":[{"href":"https:\/\/www.europesays.com\/se\/wp-json\/wp\/v2\/posts\/130326","targetHints":{"allow":["GET"]}}],"collection":[{"href":"https:\/\/www.europesays.com\/se\/wp-json\/wp\/v2\/posts"}],"about":[{"href":"https:\/\/www.europesays.com\/se\/wp-json\/wp\/v2\/types\/post"}],"author":[{"embeddable":true,"href":"https:\/\/www.europesays.com\/se\/wp-json\/wp\/v2\/users\/2"}],"replies":[{"embeddable":true,"href":"https:\/\/www.europesays.com\/se\/wp-json\/wp\/v2\/comments?post=130326"}],"version-history":[{"count":0,"href":"https:\/\/www.europesays.com\/se\/wp-json\/wp\/v2\/posts\/130326\/revisions"}],"wp:featuredmedia":[{"embeddable":true,"href":"https:\/\/www.europesays.com\/se\/wp-json\/wp\/v2\/media\/130327"}],"wp:attachment":[{"href":"https:\/\/www.europesays.com\/se\/wp-json\/wp\/v2\/media?parent=130326"}],"wp:term":[{"taxonomy":"category","embeddable":true,"href":"https:\/\/www.europesays.com\/se\/wp-json\/wp\/v2\/categories?post=130326"},{"taxonomy":"post_tag","embeddable":true,"href":"https:\/\/www.europesays.com\/se\/wp-json\/wp\/v2\/tags?post=130326"}],"curies":[{"name":"wp","href":"https:\/\/api.w.org\/{rel}","templated":true}]}}