{"id":130343,"date":"2026-01-09T08:28:15","date_gmt":"2026-01-09T08:28:15","guid":{"rendered":"https:\/\/www.europesays.com\/se\/130343\/"},"modified":"2026-01-09T08:28:15","modified_gmt":"2026-01-09T08:28:15","slug":"polisen-soker-efter-forsvunnen-18-aring-i-uddevalla","status":"publish","type":"post","link":"https:\/\/www.europesays.com\/se\/130343\/","title":{"rendered":"Polisen s\u00f6ker efter f\u00f6rsvunnen 18-\u00e5ring i Uddevalla"},"content":{"rendered":"<p>Vid 17-tiden p\u00e5 tisdagen s\u00e5gs den 18-\u00e5riga kvinnan senast i centrala Uddevalla. Kort d\u00e4refter anm\u00e4ldes hon f\u00f6rsvunnen.<\/p>\n<p>Polisen genomf\u00f6r nu en stor s\u00f6kinsats med bland annat hundar och dr\u00f6nare samt f\u00e5r bist\u00e5nd av hemv\u00e4rnet och helikopter. Polisen har \u00e4ven inlett en s\u00e5 kallad s\u00e4rskild h\u00e4ndelse.<\/p>\n<p><strong>P\u00e5 onsdagen gjordes<\/strong> fynd i Uddevallas s\u00f6dra utkanter som eventuellt kan kopplas till kvinnan.<\/p>\n<p>\u2013 Det \u00e4r n\u00e5got kl\u00e4desplagg som eventuellt tillh\u00f6r kvinnan, s\u00e4ger Jens Andersson, polisens presstalesperson.<\/p>\n<p>\u00c4ven om polisen inte vet s\u00e4kert om fyndet har koppling till kvinnan \u00e4r det runt den platsen som s\u00f6kinsatsen nu koncentreras.<\/p>\n<p>\u2013 Det \u00e4r i terr\u00e4ngen i Uddevallas s\u00f6dra utkanter. Det \u00e4r ett ganska kuperat omr\u00e5de med mycket sn\u00f6, vilket g\u00f6r s\u00f6kinsatsen mer komplicerad. Men det \u00e4r d\u00e4r vi jobbar, s\u00e4ger Jens Andersson.<\/p>\n<p>Parallellt genomf\u00f6rs \u00e4ven andra utrednings\u00e5tg\u00e4rder, som att prata med personer i kvinnans n\u00e4rhet.<\/p>\n<p>\u2013 Vi vill inte l\u00e5sa oss bara vid den h\u00e4r platsen, s\u00e4ger Jens Andersson.<\/p>\n<p><strong>Polisen har g\u00e5tt ut<\/strong> med en bild och ett signalement p\u00e5 kvinnan, och uppmanar allm\u00e4nheten att h\u00f6ra av sig med eventuella tips.<\/p>\n<p>\u2013 Vi har en observation av henne i centrala Uddevalla den 6 januari. Men om man tror sig ha sett den h\u00e4r kvinnan efter detta \u00e4r vi v\u00e4ldigt tacksamma om man h\u00f6r av sig med de uppgifterna, s\u00e4ger Jens Andersson.<\/p>\n<p>Polisen misst\u00e4nker i nul\u00e4get inget brott.<\/p>\n<p>\u2013 Men det \u00e4r ett os\u00e4kerhetsl\u00e4ge, vi vet inte varf\u00f6r hon \u00e4r f\u00f6rsvunnen och var hon kan t\u00e4nkas vara. Men ingenting av det som framkommit hittills i alla fall g\u00f6r att vi misst\u00e4nker brott.<\/p>\n","protected":false},"excerpt":{"rendered":"Vid 17-tiden p\u00e5 tisdagen s\u00e5gs den 18-\u00e5riga kvinnan senast i centrala Uddevalla. Kort d\u00e4refter anm\u00e4ldes hon f\u00f6rsvunnen. Polisen&hellip;\n","protected":false},"author":2,"featured_media":24059,"comment_status":"","ping_status":"","sticky":false,"template":"","format":"standard","meta":{"footnotes":""},"categories":[5],"tags":[22,23,26,27,17,21,24,25,28,29,15,16,18,34,31,33,32,30,19,20],"class_list":{"0":"post-130343","1":"post","2":"type-post","3":"status-publish","4":"format-standard","5":"has-post-thumbnail","7":"category-rubriker","8":"tag-breaking-news","9":"tag-breakingnews","10":"tag-featured-news","11":"tag-featurednews","12":"tag-headlines","13":"tag-huvudnyheter","14":"tag-latest-news","15":"tag-latestnews","16":"tag-main-news","17":"tag-mainnews","18":"tag-news","19":"tag-nyheter","20":"tag-rubriker","21":"tag-se","22":"tag-svenska","23":"tag-sverige","24":"tag-sweden","25":"tag-swedish","26":"tag-top-stories","27":"tag-topstories"},"share_on_mastodon":{"url":"https:\/\/pubeurope.com\/@se\/115864201087509157","error":""},"_links":{"self":[{"href":"https:\/\/www.europesays.com\/se\/wp-json\/wp\/v2\/posts\/130343","targetHints":{"allow":["GET"]}}],"collection":[{"href":"https:\/\/www.europesays.com\/se\/wp-json\/wp\/v2\/posts"}],"about":[{"href":"https:\/\/www.europesays.com\/se\/wp-json\/wp\/v2\/types\/post"}],"author":[{"embeddable":true,"href":"https:\/\/www.europesays.com\/se\/wp-json\/wp\/v2\/users\/2"}],"replies":[{"embeddable":true,"href":"https:\/\/www.europesays.com\/se\/wp-json\/wp\/v2\/comments?post=130343"}],"version-history":[{"count":0,"href":"https:\/\/www.europesays.com\/se\/wp-json\/wp\/v2\/posts\/130343\/revisions"}],"wp:featuredmedia":[{"embeddable":true,"href":"https:\/\/www.europesays.com\/se\/wp-json\/wp\/v2\/media\/24059"}],"wp:attachment":[{"href":"https:\/\/www.europesays.com\/se\/wp-json\/wp\/v2\/media?parent=130343"}],"wp:term":[{"taxonomy":"category","embeddable":true,"href":"https:\/\/www.europesays.com\/se\/wp-json\/wp\/v2\/categories?post=130343"},{"taxonomy":"post_tag","embeddable":true,"href":"https:\/\/www.europesays.com\/se\/wp-json\/wp\/v2\/tags?post=130343"}],"curies":[{"name":"wp","href":"https:\/\/api.w.org\/{rel}","templated":true}]}}