{"id":130350,"date":"2026-01-09T08:32:47","date_gmt":"2026-01-09T08:32:47","guid":{"rendered":"https:\/\/www.europesays.com\/se\/130350\/"},"modified":"2026-01-09T08:32:47","modified_gmt":"2026-01-09T08:32:47","slug":"nu-ska-kallkoden-till-android-bara-slappas-tva-ganger-per-ar","status":"publish","type":"post","link":"https:\/\/www.europesays.com\/se\/130350\/","title":{"rendered":"Nu ska k\u00e4llkoden till Android bara sl\u00e4ppas tv\u00e5 g\u00e5nger per \u00e5r"},"content":{"rendered":"<p>\u00c4nda sedan den f\u00f6rsta versionen av Android sl\u00e4pptes 2008 har den som \u00f6nskat kunnat ta del av k\u00e4llkoden till operativsystemet.<\/p>\n<p>Nu l\u00e5ter emellertid Google meddela att k\u00e4llkoden i forts\u00e4ttningen endast kommer sl\u00e4ppas tv\u00e5 g\u00e5nger per \u00e5r, n\u00e4rmare best\u00e4mt en g\u00e5ng p\u00e5 v\u00e5ren och en g\u00e5ng p\u00e5 h\u00f6sten.<\/p>\n<p>Eftersom det sl\u00e4pps fyra st\u00f6rre uppdateringar av Android varje \u00e5r kommer allts\u00e5 k\u00e4llkoden bara att sl\u00e4ppas f\u00f6r h\u00e4lften av dem.<\/p>\n<p>Enligt Googles talesperson \u00e4r syftet med f\u00f6r\u00e4ndringen att f\u00f6rse utvecklarna med \u201dkod som \u00e4r mer stabil och s\u00e4ker\u201d, rapporterar <a href=\"https:\/\/idg.digidip.net\/visit?url=https:\/\/www.androidauthority.com\/aosp-source-code-schedule-3630018\/&amp;currurl=https:\/\/www.m3.se\/article\/3025585\/nu-ska-kallkoden-till-android-bara-slappas-tva-ganger-per-ar.html&amp;ref=9-1-3025585-1-0-0-0-0\" data-type=\"link\" data-id=\"https:\/\/www.androidauthority.com\/aosp-source-code-schedule-3630018\/\" rel=\"nofollow noopener\" data-subtag=\"9-1-3025585-1-0-0-0-0\" data-domain-name=\"androidauthority\" target=\"_blank\">Android Authority<\/a>.<\/p>\n","protected":false},"excerpt":{"rendered":"\u00c4nda sedan den f\u00f6rsta versionen av Android sl\u00e4pptes 2008 har den som \u00f6nskat kunnat ta del av k\u00e4llkoden&hellip;\n","protected":false},"author":2,"featured_media":130351,"comment_status":"","ping_status":"","sticky":false,"template":"","format":"standard","meta":{"footnotes":""},"categories":[66],"tags":[80,78,79,34,31,33,32,30,81,84,83,82],"class_list":{"0":"post-130350","1":"post","2":"type-post","3":"status-publish","4":"format-standard","5":"has-post-thumbnail","7":"category-vetenskap-och-teknik","8":"tag-science","9":"tag-science-and-technology","10":"tag-scienceandtechnology","11":"tag-se","12":"tag-svenska","13":"tag-sverige","14":"tag-sweden","15":"tag-swedish","16":"tag-technology","17":"tag-teknik","18":"tag-vetenskap","19":"tag-vetenskapteknik"},"share_on_mastodon":{"url":"https:\/\/pubeurope.com\/@se\/115864220616901633","error":""},"_links":{"self":[{"href":"https:\/\/www.europesays.com\/se\/wp-json\/wp\/v2\/posts\/130350","targetHints":{"allow":["GET"]}}],"collection":[{"href":"https:\/\/www.europesays.com\/se\/wp-json\/wp\/v2\/posts"}],"about":[{"href":"https:\/\/www.europesays.com\/se\/wp-json\/wp\/v2\/types\/post"}],"author":[{"embeddable":true,"href":"https:\/\/www.europesays.com\/se\/wp-json\/wp\/v2\/users\/2"}],"replies":[{"embeddable":true,"href":"https:\/\/www.europesays.com\/se\/wp-json\/wp\/v2\/comments?post=130350"}],"version-history":[{"count":0,"href":"https:\/\/www.europesays.com\/se\/wp-json\/wp\/v2\/posts\/130350\/revisions"}],"wp:featuredmedia":[{"embeddable":true,"href":"https:\/\/www.europesays.com\/se\/wp-json\/wp\/v2\/media\/130351"}],"wp:attachment":[{"href":"https:\/\/www.europesays.com\/se\/wp-json\/wp\/v2\/media?parent=130350"}],"wp:term":[{"taxonomy":"category","embeddable":true,"href":"https:\/\/www.europesays.com\/se\/wp-json\/wp\/v2\/categories?post=130350"},{"taxonomy":"post_tag","embeddable":true,"href":"https:\/\/www.europesays.com\/se\/wp-json\/wp\/v2\/tags?post=130350"}],"curies":[{"name":"wp","href":"https:\/\/api.w.org\/{rel}","templated":true}]}}