{"id":130363,"date":"2026-01-09T08:47:07","date_gmt":"2026-01-09T08:47:07","guid":{"rendered":"https:\/\/www.europesays.com\/se\/130363\/"},"modified":"2026-01-09T08:47:07","modified_gmt":"2026-01-09T08:47:07","slug":"tusse-tar-tillbaka-sitt-namn-toussaint-chiza","status":"publish","type":"post","link":"https:\/\/www.europesays.com\/se\/130363\/","title":{"rendered":"Tusse tar tillbaka sitt namn Toussaint Chiza!"},"content":{"rendered":"<p>\n          Pressmeddelande &#8211;<br \/>\n 9 Januari 2026 09:25<\/p>\n<p>    Dela<\/p>\n<p>\n          L\u00e4nk kopierad!\n        <\/p>\n<p>          <a class=\"ghost-btn-with-icon svg-stroke\" rel=\"nofollow noopener\" aria-label=\"Ladda ned som PDF\" href=\"https:\/\/www.mynewsdesk.com\/se\/liza-b\/pressreleases\/tusse-tar-tillbaka-sitt-namn-toussaint-chiza-3424066.pdf\" target=\"_blank\"><\/p>\n<p>            Ladda ner<br \/>\n<\/a>      <\/p>\n<p><strong>Toussaint Chiza \u00e4r h\u00e4r med singeln Motherland h\u00e4mtad fr\u00e5n det kommande debutalbumet It Takes a Village to Love a Child. <\/strong><\/p>\n<p><strong\/><strong>Efter framg\u00e5ngar som Tusse v\u00e4ljer han nu att kliva fram som Toussaint Chiza. Med sitt riktiga namn \u00e5terv\u00e4nder han till sina r\u00f6tter p\u00e5 en musikalisk resa som tar honom fr\u00e5n barndomens Kongo och Uganda till inspelningar med en heml\u00f6s gospelk\u00f6r i Sydafrika. <\/strong><\/p>\n<p>N\u00e4r Toussaint Chiza tr\u00e4ffade producenten och komposit\u00f6ren<strong> Irya Gmeyner<\/strong> under arbetet med musiken till tv-serien Tunna bl\u00e5 linjen uppstod en kreativ gnista som skulle f\u00f6r\u00e4ndra hans liv. F\u00f6r f\u00f6rsta g\u00e5ngen m\u00f6tte Toussaint n\u00e5gon som s\u00e5g hans verkliga musikaliska potential och var intresserad av att han skulle f\u00e5 f\u00f6rmedla sin egen ber\u00e4ttelse. <\/p>\n<p>Samarbetet har resulterat i Toussaints debutalbum <strong>It Takes a Village to Love a Child<\/strong> som sl\u00e4pps i v\u00e5r och en dokument\u00e4rfilm som sl\u00e4pps nu i h\u00f6st. <strong>Motherland<\/strong> \u00e4r f\u00f6rsta singeln h\u00e4mtad fr\u00e5n det kommande albumet och sl\u00e4pps den 9 januari.<\/p>\n<p>Toussaint ber\u00e4ttar: Motherland blev till n\u00e4r jag skulle \u00e5ka till mitt hemland Kongo efter 18 \u00e5r i exil. Jag flydde n\u00e4r jag var 5 \u00e5r och hade l\u00e4nge b\u00e4vat inf\u00f6r att \u00e5ka tillbaka. Jag var orolig \u00f6ver att inte tas emot som den svensk-kongoles jag hade blivit. Killen som m\u00e5lar naglarna, dejtar killar och slutat g\u00e5 i kyrkan. Jag b\u00f6rjade t\u00e4nka tillbaka till minnena av Afrika, hur vi spelade fotboll i hettan och sprang runt i leran. Jag satte mig bakom pianot och b\u00f6rjade skriva. Jag skrev klart l\u00e5ten tillsammans med Irya Gmeyner och vi hittade en heml\u00f6s gospelk\u00f6r i Sydafrika som vi ville ha med p\u00e5 l\u00e5ten, s\u00e5 vi \u00e5kte ner och spelade in <strong>Thanda Choir<\/strong> i en k\u00e5kstad utanf\u00f6r Kapstaden.<\/p>\n<p><strong>Motherland ges ut av Byker Wall\/Playground Music <\/strong><\/p>\n","protected":false},"excerpt":{"rendered":"Pressmeddelande &#8211; 9 Januari 2026 09:25 Dela L\u00e4nk kopierad! Ladda ner Toussaint Chiza \u00e4r h\u00e4r med singeln Motherland&hellip;\n","protected":false},"author":2,"featured_media":130364,"comment_status":"","ping_status":"","sticky":false,"template":"","format":"standard","meta":{"footnotes":""},"categories":[67],"tags":[104,34,31,33,32,30,105],"class_list":{"0":"post-130363","1":"post","2":"type-post","3":"status-publish","4":"format-standard","5":"has-post-thumbnail","7":"category-underhallning","8":"tag-entertainment","9":"tag-se","10":"tag-svenska","11":"tag-sverige","12":"tag-sweden","13":"tag-swedish","14":"tag-underhallning"},"share_on_mastodon":{"url":"https:\/\/pubeurope.com\/@se\/115864275692884471","error":""},"_links":{"self":[{"href":"https:\/\/www.europesays.com\/se\/wp-json\/wp\/v2\/posts\/130363","targetHints":{"allow":["GET"]}}],"collection":[{"href":"https:\/\/www.europesays.com\/se\/wp-json\/wp\/v2\/posts"}],"about":[{"href":"https:\/\/www.europesays.com\/se\/wp-json\/wp\/v2\/types\/post"}],"author":[{"embeddable":true,"href":"https:\/\/www.europesays.com\/se\/wp-json\/wp\/v2\/users\/2"}],"replies":[{"embeddable":true,"href":"https:\/\/www.europesays.com\/se\/wp-json\/wp\/v2\/comments?post=130363"}],"version-history":[{"count":0,"href":"https:\/\/www.europesays.com\/se\/wp-json\/wp\/v2\/posts\/130363\/revisions"}],"wp:featuredmedia":[{"embeddable":true,"href":"https:\/\/www.europesays.com\/se\/wp-json\/wp\/v2\/media\/130364"}],"wp:attachment":[{"href":"https:\/\/www.europesays.com\/se\/wp-json\/wp\/v2\/media?parent=130363"}],"wp:term":[{"taxonomy":"category","embeddable":true,"href":"https:\/\/www.europesays.com\/se\/wp-json\/wp\/v2\/categories?post=130363"},{"taxonomy":"post_tag","embeddable":true,"href":"https:\/\/www.europesays.com\/se\/wp-json\/wp\/v2\/tags?post=130363"}],"curies":[{"name":"wp","href":"https:\/\/api.w.org\/{rel}","templated":true}]}}