{"id":130365,"date":"2026-01-09T08:49:24","date_gmt":"2026-01-09T08:49:24","guid":{"rendered":"https:\/\/www.europesays.com\/se\/130365\/"},"modified":"2026-01-09T08:49:24","modified_gmt":"2026-01-09T08:49:24","slug":"skanska-bygger-en-prisma-stormarknad-i-esbo-finland-for-eur-60m-cirka-660-miljoner-kronor","status":"publish","type":"post","link":"https:\/\/www.europesays.com\/se\/130365\/","title":{"rendered":"Skanska bygger en Prisma stormarknad i Esbo, Finland, f\u00f6r EUR 60M, cirka 660 miljoner kronor"},"content":{"rendered":"<p>&#13;<br \/>\n                        &#13;<br \/>\n&#13;<\/p>\n<p>                                    <img decoding=\"async\" src=\"https:\/\/www.europesays.com\/se\/wp-content\/uploads\/2026\/01\/a6e21ffb0f4ef0c3_800x800ar.jpg\"\/><br \/>\n                                &#13;<br \/>\n&#13;<\/p>\n<p><strong>Skanska har tecknat avtal med HOK-Elanto om att bygga en Prisma stormarknad i Esbo, Finland. Kontraktet \u00e4r v\u00e4rt EUR 60M, cirka 660 miljoner kronor, vilket kommer att inkluderas i ordering\u00e5ngen f\u00f6r Norden f\u00f6r det f\u00f6rsta kvartalet 2026.<\/strong><\/p>\n<p>&#13;<\/p>\n<p style=\"margin-top:12px;\">Hybridprojektet, med en total yta p\u00e5 cirka 30\u202f000 kvadratmeter, kommer att omfatta en Prisma stormarknad, mindre butiker samt tv\u00e5 sju v\u00e5ningar h\u00f6ga bostadshus med totalt 105 l\u00e4genheter, b\u00e5de bostadsr\u00e4tter och hyresr\u00e4tter.<\/p>\n<p>Projektet har som m\u00e5ls\u00e4ttning att f\u00e5 en milj\u00f6klassificering fr\u00e5n Rakennustieto, vilken st\u00e4ller krav energieffektivitet, inomhusluftkvalitet och arbetsplatsens drift.<\/p>\n<p>Byggstart \u00e4r planerad till det f\u00f6rsta kvartalet 2026 och projektet ber\u00e4knas vara f\u00e4rdigst\u00e4llt under 2028.<\/p>\n<p>&#13;<br \/>\n&#13;<br \/>\n&#13;<\/p>\n<p><strong>F\u00f6r ytterligare information kontakta:<\/strong><\/p>\n<p>Andreas Joons, pressekreterare, Skanska AB, tel 010 449 04 94<\/p>\n<p>Direktlinje f\u00f6r media, tel 010 448 88 99<\/p>\n<p>Detta samt tidigare pressmeddelanden finns ocks\u00e5 p\u00e5 <a href=\"http:\/\/www.skanska.com\" rel=\"nofollow noopener\" target=\"_blank\">www.skanska.com<\/a>.<\/p>\n<p>&#13;<\/p>\n<p>Skanska anv\u00e4nder sin kunskap och framtidsinsikt f\u00f6r att bidra till hur m\u00e4nniskor lever, arbetar och samverkar. Vi \u00e4r ett av v\u00e4rldens st\u00f6rsta bygg- och projektutvecklingsf\u00f6retag med int\u00e4kter p\u00e5 177 miljarder kronor under 2024. Skanska \u00e4r verksamma p\u00e5 utvalda marknader i Norden, Europa och USA. Tillsammans med v\u00e5ra kunder och en samlad expertis hos cirka 26 300 medarbetare skapar vi innovativa, h\u00e5llbara l\u00f6sningar som fr\u00e4mjar h\u00e4lsa och v\u00e4lbefinnande bortom v\u00e5r livstid.<\/p>\n","protected":false},"excerpt":{"rendered":"&#13; &#13; &#13; &#13; &#13; Skanska har tecknat avtal med HOK-Elanto om att bygga en Prisma stormarknad i&hellip;\n","protected":false},"author":2,"featured_media":130366,"comment_status":"","ping_status":"","sticky":false,"template":"","format":"standard","meta":{"footnotes":""},"categories":[65],"tags":[72,70,71,34,31,33,32,30],"class_list":{"0":"post-130365","1":"post","2":"type-post","3":"status-publish","4":"format-standard","5":"has-post-thumbnail","7":"category-ekonomi","8":"tag-business","9":"tag-economy","10":"tag-ekonomi","11":"tag-se","12":"tag-svenska","13":"tag-sverige","14":"tag-sweden","15":"tag-swedish"},"share_on_mastodon":{"url":"https:\/\/pubeurope.com\/@se\/115864283647579179","error":""},"_links":{"self":[{"href":"https:\/\/www.europesays.com\/se\/wp-json\/wp\/v2\/posts\/130365","targetHints":{"allow":["GET"]}}],"collection":[{"href":"https:\/\/www.europesays.com\/se\/wp-json\/wp\/v2\/posts"}],"about":[{"href":"https:\/\/www.europesays.com\/se\/wp-json\/wp\/v2\/types\/post"}],"author":[{"embeddable":true,"href":"https:\/\/www.europesays.com\/se\/wp-json\/wp\/v2\/users\/2"}],"replies":[{"embeddable":true,"href":"https:\/\/www.europesays.com\/se\/wp-json\/wp\/v2\/comments?post=130365"}],"version-history":[{"count":0,"href":"https:\/\/www.europesays.com\/se\/wp-json\/wp\/v2\/posts\/130365\/revisions"}],"wp:featuredmedia":[{"embeddable":true,"href":"https:\/\/www.europesays.com\/se\/wp-json\/wp\/v2\/media\/130366"}],"wp:attachment":[{"href":"https:\/\/www.europesays.com\/se\/wp-json\/wp\/v2\/media?parent=130365"}],"wp:term":[{"taxonomy":"category","embeddable":true,"href":"https:\/\/www.europesays.com\/se\/wp-json\/wp\/v2\/categories?post=130365"},{"taxonomy":"post_tag","embeddable":true,"href":"https:\/\/www.europesays.com\/se\/wp-json\/wp\/v2\/tags?post=130365"}],"curies":[{"name":"wp","href":"https:\/\/api.w.org\/{rel}","templated":true}]}}