{"id":130368,"date":"2026-01-09T08:52:06","date_gmt":"2026-01-09T08:52:06","guid":{"rendered":"https:\/\/www.europesays.com\/se\/130368\/"},"modified":"2026-01-09T08:52:06","modified_gmt":"2026-01-09T08:52:06","slug":"forsvunnen-kvinna-i-uddevalla-soks-av-polis-och-militar","status":"publish","type":"post","link":"https:\/\/www.europesays.com\/se\/130368\/","title":{"rendered":"F\u00f6rsvunnen kvinna i Uddevalla s\u00f6ks av polis och milit\u00e4r"},"content":{"rendered":"<p>Kvinnan \u00e4r i 18-\u00e5rs\u00e5ldern och s\u00e5gs senast i centrala Uddevalla den 6 januari. Efter att hon anm\u00e4ldes f\u00f6rsvunnen av anh\u00f6riga har en hel del insatser p\u00e5g\u00e5tt. <\/p>\n<p>\u2013 Till en b\u00f6rjan hade vi inget s\u00f6komr\u00e5de, men n\u00e4r vi fick in lite fler uppgifter s\u00e5 b\u00f6rjade vi intressera oss f\u00f6r motionsomr\u00e5det, s\u00e4ger polisens presstalesperson Johan H\u00e5kansson.<\/p>\n<p>Sk\u00e4let till det var att man hittat kl\u00e4der som man tror tillh\u00f6r kvinnan.<\/p>\n<p>\u201dIngen misstanke om brott\u201d<\/p>\n<p>S\u00f6kinsatsen har v\u00e4xt. B\u00e5de frivilligorganisationen Missing People, milit\u00e4ren och hundpatruller deltar. Under torsdagen s\u00f6ktes motionsomr\u00e5det av med b\u00e5de helikopter och dr\u00f6nare och natten till fredagen deltog ett femtiotal personer fr\u00e5n Hemv\u00e4rnet i letandet i terr\u00e4ngen. \u00c4ven bandvagnar har anv\u00e4nts.<\/p>\n<p>\u2013 Det \u00e4r ett os\u00e4kerhetsl\u00e4ge, men vi misst\u00e4nker inget brott i nul\u00e4get. Vi forts\u00e4tter att intensivt s\u00f6ka efter henne under fredagen, s\u00e4ger Johan H\u00e5kansson.<\/p>\n<p>Polisen \u00e4r intresserade av att f\u00e5 in tips och iakttagelser fr\u00e5n allm\u00e4nheten.<\/p>\n","protected":false},"excerpt":{"rendered":"Kvinnan \u00e4r i 18-\u00e5rs\u00e5ldern och s\u00e5gs senast i centrala Uddevalla den 6 januari. Efter att hon anm\u00e4ldes f\u00f6rsvunnen&hellip;\n","protected":false},"author":2,"featured_media":130369,"comment_status":"","ping_status":"","sticky":false,"template":"","format":"standard","meta":{"footnotes":""},"categories":[5],"tags":[22,23,26,27,17,21,24,25,28,29,15,16,18,34,31,33,32,30,19,20],"class_list":{"0":"post-130368","1":"post","2":"type-post","3":"status-publish","4":"format-standard","5":"has-post-thumbnail","7":"category-rubriker","8":"tag-breaking-news","9":"tag-breakingnews","10":"tag-featured-news","11":"tag-featurednews","12":"tag-headlines","13":"tag-huvudnyheter","14":"tag-latest-news","15":"tag-latestnews","16":"tag-main-news","17":"tag-mainnews","18":"tag-news","19":"tag-nyheter","20":"tag-rubriker","21":"tag-se","22":"tag-svenska","23":"tag-sverige","24":"tag-sweden","25":"tag-swedish","26":"tag-top-stories","27":"tag-topstories"},"share_on_mastodon":{"url":"https:\/\/pubeurope.com\/@se\/115864295331202908","error":""},"_links":{"self":[{"href":"https:\/\/www.europesays.com\/se\/wp-json\/wp\/v2\/posts\/130368","targetHints":{"allow":["GET"]}}],"collection":[{"href":"https:\/\/www.europesays.com\/se\/wp-json\/wp\/v2\/posts"}],"about":[{"href":"https:\/\/www.europesays.com\/se\/wp-json\/wp\/v2\/types\/post"}],"author":[{"embeddable":true,"href":"https:\/\/www.europesays.com\/se\/wp-json\/wp\/v2\/users\/2"}],"replies":[{"embeddable":true,"href":"https:\/\/www.europesays.com\/se\/wp-json\/wp\/v2\/comments?post=130368"}],"version-history":[{"count":0,"href":"https:\/\/www.europesays.com\/se\/wp-json\/wp\/v2\/posts\/130368\/revisions"}],"wp:featuredmedia":[{"embeddable":true,"href":"https:\/\/www.europesays.com\/se\/wp-json\/wp\/v2\/media\/130369"}],"wp:attachment":[{"href":"https:\/\/www.europesays.com\/se\/wp-json\/wp\/v2\/media?parent=130368"}],"wp:term":[{"taxonomy":"category","embeddable":true,"href":"https:\/\/www.europesays.com\/se\/wp-json\/wp\/v2\/categories?post=130368"},{"taxonomy":"post_tag","embeddable":true,"href":"https:\/\/www.europesays.com\/se\/wp-json\/wp\/v2\/tags?post=130368"}],"curies":[{"name":"wp","href":"https:\/\/api.w.org\/{rel}","templated":true}]}}