{"id":130374,"date":"2026-01-09T08:57:10","date_gmt":"2026-01-09T08:57:10","guid":{"rendered":"https:\/\/www.europesays.com\/se\/130374\/"},"modified":"2026-01-09T08:57:10","modified_gmt":"2026-01-09T08:57:10","slug":"13-aktier-att-kopa-2026-experternas-basta-borstips","status":"publish","type":"post","link":"https:\/\/www.europesays.com\/se\/130374\/","title":{"rendered":"13 aktier att k\u00f6pa 2026 \u2013 experternas b\u00e4sta b\u00f6rstips"},"content":{"rendered":"<p>B\u00f6rsen har f\u00e5tt en flygande start p\u00e5 2026 \u2013 men det \u00e4r inte f\u00f6r sent att haka p\u00e5, enligt experterna.\u00a0<\/p>\n<p>Nu pekar proffsen ut 13 \u201dbuy and hold\u201d-aktier att k\u00f6pa och l\u00e4gga i byr\u00e5l\u00e5dan f\u00f6r den som vill \u00e5ka med t\u00e5get.\u00a0<\/p>\n<p>\u201dDet \u00e4r en vinstmaskin och en aktie man m\u00e5ste ha i portf\u00f6ljen i \u00e5r\u201d, s\u00e4ger Carl-Henrik S\u00f6derberg om en tidigare kursraket som halkat efter index.<\/p>\n<p><strong class=\"global-xxs-bold\">Uppdaterad:<\/strong> 9 januari 2026, 09:29<strong class=\"global-xxs-bold\">Publicerad:<\/strong> 9 januari 2026, 09:25<\/p>\n<p>Spara<\/p>\n","protected":false},"excerpt":{"rendered":"B\u00f6rsen har f\u00e5tt en flygande start p\u00e5 2026 \u2013 men det \u00e4r inte f\u00f6r sent att haka p\u00e5,&hellip;\n","protected":false},"author":2,"featured_media":130375,"comment_status":"","ping_status":"","sticky":false,"template":"","format":"standard","meta":{"footnotes":""},"categories":[65],"tags":[72,70,71,34,31,33,32,30],"class_list":{"0":"post-130374","1":"post","2":"type-post","3":"status-publish","4":"format-standard","5":"has-post-thumbnail","7":"category-ekonomi","8":"tag-business","9":"tag-economy","10":"tag-ekonomi","11":"tag-se","12":"tag-svenska","13":"tag-sverige","14":"tag-sweden","15":"tag-swedish"},"share_on_mastodon":{"url":"https:\/\/pubeurope.com\/@se\/115864315065034041","error":""},"_links":{"self":[{"href":"https:\/\/www.europesays.com\/se\/wp-json\/wp\/v2\/posts\/130374","targetHints":{"allow":["GET"]}}],"collection":[{"href":"https:\/\/www.europesays.com\/se\/wp-json\/wp\/v2\/posts"}],"about":[{"href":"https:\/\/www.europesays.com\/se\/wp-json\/wp\/v2\/types\/post"}],"author":[{"embeddable":true,"href":"https:\/\/www.europesays.com\/se\/wp-json\/wp\/v2\/users\/2"}],"replies":[{"embeddable":true,"href":"https:\/\/www.europesays.com\/se\/wp-json\/wp\/v2\/comments?post=130374"}],"version-history":[{"count":0,"href":"https:\/\/www.europesays.com\/se\/wp-json\/wp\/v2\/posts\/130374\/revisions"}],"wp:featuredmedia":[{"embeddable":true,"href":"https:\/\/www.europesays.com\/se\/wp-json\/wp\/v2\/media\/130375"}],"wp:attachment":[{"href":"https:\/\/www.europesays.com\/se\/wp-json\/wp\/v2\/media?parent=130374"}],"wp:term":[{"taxonomy":"category","embeddable":true,"href":"https:\/\/www.europesays.com\/se\/wp-json\/wp\/v2\/categories?post=130374"},{"taxonomy":"post_tag","embeddable":true,"href":"https:\/\/www.europesays.com\/se\/wp-json\/wp\/v2\/tags?post=130374"}],"curies":[{"name":"wp","href":"https:\/\/api.w.org\/{rel}","templated":true}]}}