{"id":130376,"date":"2026-01-09T08:58:16","date_gmt":"2026-01-09T08:58:16","guid":{"rendered":"https:\/\/www.europesays.com\/se\/130376\/"},"modified":"2026-01-09T08:58:16","modified_gmt":"2026-01-09T08:58:16","slug":"nar-stormakterna-styckar-varlden-europas-sista-chans-att-vakna-kvartal","status":"publish","type":"post","link":"https:\/\/www.europesays.com\/se\/130376\/","title":{"rendered":"N\u00e4r stormakterna styckar v\u00e4rlden: Europas sista chans att vakna &#8211; Kvartal"},"content":{"rendered":"<ol>\n<li><a href=\"https:\/\/news.google.com\/rss\/articles\/CBMivgFBVV95cUxNRm01ZU8wYlpsZG5PWGxGb29GTDF4dVZiSzRHOVExV29kV0xaVWVGQ0hSUGNlRzN6V3dxU25ibUNJYk41ZFV2Y0N4ZTk0NkRVWWxKUlpmeTlsNG4yRlBLeXZhQ3pBdXVTRmtBQWxQUzFVZkJidnJuaUl2UkFIQlJjc0VFTE94ejhrM1pKOWpIVzF4Q3BHU0RURDhacHNSOS1lclFRdmlPRFY0Nklxdk9yUlhEVDRCNEtDVkF4OWRR?oc=5\" target=\"_blank\" rel=\"nofollow noopener\">N\u00e4r stormakterna styckar v\u00e4rlden: Europas sista chans att vakna<\/a>&nbsp;&nbsp;Kvartal<\/li>\n<li><a href=\"https:\/\/news.google.com\/rss\/articles\/CBMiswFBVV95cUxPS2xxUjl1R1NMTlk2YkhQYUdISFN4Wkwtc2tOUkRfSV95M3llQlpVcTZIWUx5OW9ZVzlMVXN0SFM2YnVXOHRDODQwb19OMXF1Qm55YkVoeXEzbG5SOGI4NTBvUUNZZk1Gem9jOU9kaXdxYWRjcXFVLTJCRl9WUk1CcndDaHNuaUNEbzE5TFRjbUZVWi1XcEhOc0czYlZKeGRFZ3JEeW1aRHRqSExOd2lRcFQxZw?oc=5\" target=\"_blank\" rel=\"nofollow noopener\">Utan USA stannar ekonomin \u2013 nu m\u00e5ste Europa t\u00e4nka om<\/a>&nbsp;&nbsp;Aftonbladet<\/li>\n<li><a href=\"https:\/\/news.google.com\/rss\/articles\/CBMiigFBVV95cUxQZ1RUR1VJTTMwWndZa1FkcXg1UnJrQ0RoQWtiUUg1cVAxNUVlZUZHR25wZ0hpTTlOYVh2SXl4Y3JmQXYxS24tVlVHZjFpZkYtbDRUOGM4R1hwT1J4NFRmem5ha2hKVW5zRGVmRTlqYjN3MGpPc1hTeDlMV0pBeWR2Z3JOWi1vSEtBQWc?oc=5\" target=\"_blank\" rel=\"nofollow noopener\">De v\u00e4ldigt arga brevens tid \u00e4r f\u00f6rbi<\/a>&nbsp;&nbsp;SvD<\/li>\n<li><a href=\"https:\/\/news.google.com\/rss\/articles\/CBMinAFBVV95cUxQY2toNm1YeXpiYU1yRnZvSGxvRTgtRnBIc1Zhb1ZwVDRoSjY4cFFxSW5Gc3BOTHgzeVEtcHN0Ym9KLWtzczVzTG5KbHptZTVvTXdZQlExMkxucDllUXJnU0I1V05qbjRxSl9ZQ01PREtlTGxKY3cybWVDbjlGNXdkN1FUbk81M0VhLXAyQUdkTEl6NW81c1BldjEwaDM?oc=5\" target=\"_blank\" rel=\"nofollow noopener\">\u201dDet vi ser i USA \u00e4r mycket st\u00f6rre \u00e4n Rysslands invasion av Ukraina\u201d<\/a>&nbsp;&nbsp;ETC.se<\/li>\n<li><a href=\"https:\/\/news.google.com\/rss\/articles\/CBMiqAFBVV95cUxNRjhvQkc4YVFfUVN1V2tJcTdrbmxUb3RGUFN4RS13QTBrd2NodVhjNk9HNnNoMVpDVURTOW1icVJ4bGZwSnoySUk0MmpMdE5sZkxSbDlrN2xTaHlpS1dHd0VSeEVlcmUteU9FTDNubmxXcXhxY1ZPa0pMbHdCYUUyZHlVNC1uSHp3YU5jdlB3dk5PSzJlLUV4TUdlSkNiZllLTDljUmZXQ0c?oc=5\" target=\"_blank\" rel=\"nofollow noopener\">Nato och EU i chock \u00f6ver Trump: \u201dSom att vara med i en d\u00e5lig film\u201d<\/a>&nbsp;&nbsp;Altinget.se<\/li>\n<\/ol>\n","protected":false},"excerpt":{"rendered":"N\u00e4r stormakterna styckar v\u00e4rlden: Europas sista chans att vakna&nbsp;&nbsp;Kvartal Utan USA stannar ekonomin \u2013 nu m\u00e5ste Europa t\u00e4nka&hellip;\n","protected":false},"author":2,"featured_media":130377,"comment_status":"","ping_status":"","sticky":false,"template":"","format":"standard","meta":{"footnotes":""},"categories":[14],"tags":[22,23,267,26,27,17,21,549,24,25,28,29,15,16,2205,18,34,31,33,32,30,19,20,1024,51,52,53,54],"class_list":{"0":"post-130376","1":"post","2":"type-post","3":"status-publish","4":"format-standard","5":"has-post-thumbnail","7":"category-varlden","8":"tag-breaking-news","9":"tag-breakingnews","10":"tag-europa","11":"tag-featured-news","12":"tag-featurednews","13":"tag-headlines","14":"tag-huvudnyheter","15":"tag-kina","16":"tag-latest-news","17":"tag-latestnews","18":"tag-main-news","19":"tag-mainnews","20":"tag-news","21":"tag-nyheter","22":"tag-putin","23":"tag-rubriker","24":"tag-se","25":"tag-svenska","26":"tag-sverige","27":"tag-sweden","28":"tag-swedish","29":"tag-top-stories","30":"tag-topstories","31":"tag-trump","32":"tag-varlden","33":"tag-world","34":"tag-world-news","35":"tag-worldnews"},"share_on_mastodon":{"url":"https:\/\/pubeurope.com\/@se\/115864318965439792","error":""},"_links":{"self":[{"href":"https:\/\/www.europesays.com\/se\/wp-json\/wp\/v2\/posts\/130376","targetHints":{"allow":["GET"]}}],"collection":[{"href":"https:\/\/www.europesays.com\/se\/wp-json\/wp\/v2\/posts"}],"about":[{"href":"https:\/\/www.europesays.com\/se\/wp-json\/wp\/v2\/types\/post"}],"author":[{"embeddable":true,"href":"https:\/\/www.europesays.com\/se\/wp-json\/wp\/v2\/users\/2"}],"replies":[{"embeddable":true,"href":"https:\/\/www.europesays.com\/se\/wp-json\/wp\/v2\/comments?post=130376"}],"version-history":[{"count":0,"href":"https:\/\/www.europesays.com\/se\/wp-json\/wp\/v2\/posts\/130376\/revisions"}],"wp:featuredmedia":[{"embeddable":true,"href":"https:\/\/www.europesays.com\/se\/wp-json\/wp\/v2\/media\/130377"}],"wp:attachment":[{"href":"https:\/\/www.europesays.com\/se\/wp-json\/wp\/v2\/media?parent=130376"}],"wp:term":[{"taxonomy":"category","embeddable":true,"href":"https:\/\/www.europesays.com\/se\/wp-json\/wp\/v2\/categories?post=130376"},{"taxonomy":"post_tag","embeddable":true,"href":"https:\/\/www.europesays.com\/se\/wp-json\/wp\/v2\/tags?post=130376"}],"curies":[{"name":"wp","href":"https:\/\/api.w.org\/{rel}","templated":true}]}}