{"id":130378,"date":"2026-01-09T09:00:23","date_gmt":"2026-01-09T09:00:23","guid":{"rendered":"https:\/\/www.europesays.com\/se\/130378\/"},"modified":"2026-01-09T09:00:23","modified_gmt":"2026-01-09T09:00:23","slug":"eu-ingriper-da-ai-verktyget-grok-skapar-olagliga-bilder-pa-barn-och-kvinnor-utrikes","status":"publish","type":"post","link":"https:\/\/www.europesays.com\/se\/130378\/","title":{"rendered":"EU ingriper d\u00e5 AI-verktyget Grok skapar olagliga bilder p\u00e5 barn och kvinnor | Utrikes"},"content":{"rendered":"<p class=\"aw-1gybjub aw-5vja16 kEtdKx kmuxyA yle__article__paragraph\">EU-kommissionen f\u00f6rbjuder plattformen X att g\u00f6ra sig av med dokument som handlar om Grok.<\/p>\n<p><img decoding=\"async\" alt=\"En mobiltelefon med texten &quot;Grok&quot;. I bakgrunden finns Elon Musks X-profil.\" src=\"https:\/\/www.europesays.com\/se\/wp-content\/uploads\/2026\/01\/39-1578616695fb65167bce.jpeg\" class=\"aw-1l9m598 hKVVvP\"\/><\/p>\n<p>\u00d6ppna bildvisare<\/p>\n<p>Elon Musk \u00e4ger X AI, som \u00e4ger chattboten Grok och plattformen X. Bild: Nikolas Kokovlis\/NurPhoto\/Shutterstock\/All Over PressLyssna (du h\u00f6r en artificiell r\u00f6st) 2:42<\/p>\n<p class=\"aw-1gybjub aw-1p7kakr kEtdKx cEmitX yle__article__paragraph\">Efter att AI-verktyget Grok f\u00e5tt nya bildredigeringsfunktioner har flera kvinnor och barn blivit utsatta f\u00f6r sexuellt v\u00e5ldsamt bildmissbruk p\u00e5 plattformen. Grok \u00e4r X:s inbyggda AI-chattbot.<\/p>\n<p class=\"aw-1gybjub aw-1p7kakr kEtdKx cEmitX yle__article__paragraph\">Nu kr\u00e4ver EU att X, som \u00e4gs av <strong class=\"aw-ak79eh KyCXm yle__article__strong\">Elon Musks<\/strong> AI-f\u00f6retag X AI, sparar alla interna dokument om Grok fram till slutet av \u00e5ret.<\/p>\n<p class=\"aw-1gybjub aw-1p7kakr kEtdKx cEmitX yle__article__paragraph\">\u201dVi m\u00e5ste kunna f\u00e5 tillg\u00e5ng till dem om vi uttryckligen beg\u00e4r det\u201d, s\u00e4ger <strong class=\"aw-ak79eh KyCXm yle__article__strong\">Thomas Regnier<\/strong> som \u00e4r talesperson vid EU-kommissionen.<\/p>\n<p class=\"aw-1gybjub aw-1p7kakr kEtdKx cEmitX yle__article__paragraph\">Det h\u00e4r betyder inte att kommissionen \u00f6ppnat en ny officiell unders\u00f6kning mot X.<\/p>\n<p class=\"aw-1gybjub aw-1p7kakr kEtdKx cEmitX yle__article__paragraph\">Det nya kravet \u00e4r en f\u00f6rl\u00e4ngning p\u00e5 en annan order om att spara dokument som har att g\u00f6ra med algoritmer och spridning av olagligt inneh\u00e5ll.<\/p>\n<p class=\"aw-1gybjub aw-1p7kakr kEtdKx cEmitX yle__article__paragraph\">Myndigheter i <a class=\"aw-iao6s4 iHOxEa yle__article__link\" href=\"https:\/\/www.theguardian.com\/technology\/2026\/jan\/06\/grok-ai-fake-images-women-girls-undressed-uk-minister-liz-kendall\" role=\"link\" rel=\"nofollow noopener\" target=\"_blank\">Storbritannien<\/a> har ocks\u00e5 bett X att visa hur de f\u00f6ljer dataskyddslagar. Sedan ska de best\u00e4mma ifall de beh\u00f6ver utreda Grok.<\/p>\n<p>Sexuellt \u00f6vergreppsmaterial<\/p>\n<p class=\"aw-1gybjub aw-1p7kakr kEtdKx cEmitX yle__article__paragraph\">Efter den senaste uppdateringen i slutet av december kunde anv\u00e4ndare be Grok redigera bilder p\u00e5 X.<\/p>\n<p class=\"aw-1gybjub aw-1p7kakr kEtdKx cEmitX yle__article__paragraph\">Det dr\u00f6jde inte l\u00e4nge f\u00f6rr\u00e4n folk b\u00f6rjade anv\u00e4nda den med kommandon som \u201dvisa personen i bikini\u201d eller \u201dta bort personens kl\u00e4der\u201d.<\/p>\n<p class=\"aw-1gybjub aw-1p7kakr kEtdKx cEmitX yle__article__paragraph\">I b\u00f6rjan av januari slog flera kvinno- och barnr\u00e4ttsorganisationer larm om att verktyget missbrukas f\u00f6r att skapa sexuellt \u00f6vergreppsmaterial, speciellt p\u00e5 barn.<\/p>\n<p class=\"aw-1gybjub aw-1p7kakr kEtdKx cEmitX yle__article__paragraph\">Bland de drabbade finns den svenska politikern <strong class=\"aw-ak79eh KyCXm yle__article__strong\">Ebba Busch<\/strong> och barnsk\u00e5despelaren <strong class=\"aw-ak79eh KyCXm yle__article__strong\">Nell Fischer<\/strong> fr\u00e5n Stranger Things.<\/p>\n<p class=\"aw-1gybjub aw-1p7kakr kEtdKx cEmitX yle__article__paragraph\">Anv\u00e4ndare har ocks\u00e5 kl\u00e4tt av bilder av <strong class=\"aw-ak79eh KyCXm yle__article__strong\">Ashley St. Clair<\/strong>, som har barn med Elon Musk.<\/p>\n<p class=\"aw-1gybjub aw-1p7kakr kEtdKx cEmitX yle__article__paragraph\">\u201dGrok kl\u00e4r av bilder av mig som barn\u201d, sa hon p\u00e5 X i m\u00e5ndags.<\/p>\n<p class=\"aw-1gybjub aw-1p7kakr kEtdKx cEmitX yle__article__paragraph\">X s\u00e4ger sig ha tagit steg f\u00f6r att \u00e5tg\u00e4rda det h\u00e4r. Flera bilder har blivit raderade.<\/p>\n<p class=\"aw-1gybjub aw-1p7kakr kEtdKx cEmitX yle__article__paragraph\">\u201dAlla som anv\u00e4nder Grok f\u00f6r att generera olagligt inneh\u00e5ll kommer f\u00e5 samma konsekvenser som de som laddar upp olagligt inneh\u00e5ll\u201d, har Elon Musk sagt p\u00e5 X.<\/p>\n<p class=\"aw-1gybjub aw-1p7kakr kEtdKx cEmitX yle__article__paragraph\">Enligt en granskning som <a class=\"aw-iao6s4 iHOxEa yle__article__link\" href=\"https:\/\/www.wired.com\/story\/grok-is-generating-sexual-content-far-more-graphic-than-whats-on-x\/?_sp=13a90be0-d457-47b1-b411-e762521fb1ff.1767867260230\" role=\"link\" rel=\"nofollow noopener\" target=\"_blank\">Wired<\/a> gjort l\u00e4r anv\u00e4ndare ha kunnat skapa gr\u00f6vre sexuellt \u00f6vergreppsmaterial med videogenereringsverktyget Imagine p\u00e5 Groks hemsida och app. X AI har inte kommenterat Wireds unders\u00f6kning.<\/p>\n<p class=\"aw-1gybjub aw-1p7kakr kEtdKx cEmitX yle__article__paragraph\"><a class=\"aw-iao6s4 iHOxEa yle__article__link\" href=\"https:\/\/www.bbc.com\/news\/articles\/cvg1mzlryxeo\" role=\"link\" rel=\"nofollow noopener\" target=\"_blank\">BBC rapporterar<\/a> ocks\u00e5 om olagliga bilder som har skapats med hj\u00e4lp av Grok.<\/p>\n<p class=\"aw-1gybjub aw-1p7kakr kEtdKx cEmitX yle__article__paragraph\">Det h\u00e4r \u00e4r inte f\u00f6rsta g\u00e5ngen som X hamnar i bl\u00e5sv\u00e4der p\u00e5 grund av Grok. I somras var X AI tvunget ta bort inl\u00e4gg d\u00e4r <a class=\"aw-iao6s4 iHOxEa yle__article__link\" href=\"https:\/\/yle.fi\/a\/7-10080909\" role=\"link\" rel=\"nofollow noopener\" target=\"_blank\">Grok hade hyllat Hitler<\/a>.<\/p>\n<p class=\"aw-1gybjub aw-1p7kakr kEtdKx cEmitX yle__article__paragraph\">I december fick X 120 miljoner euro i b\u00f6ter f\u00f6r brott mot EU:s regler om digitalt inneh\u00e5ll g\u00e4llande reklam och verifiering.<\/p>\n<p class=\"aw-1gybjub aw-1p7kakr kEtdKx cEmitX yle__article__paragraph\">K\u00e4llor: Reuters, AFP, Le Monde<\/p>\n","protected":false},"excerpt":{"rendered":"EU-kommissionen f\u00f6rbjuder plattformen X att g\u00f6ra sig av med dokument som handlar om Grok. \u00d6ppna bildvisare Elon Musk&hellip;\n","protected":false},"author":2,"featured_media":130379,"comment_status":"","ping_status":"","sticky":false,"template":"","format":"standard","meta":{"footnotes":""},"categories":[5],"tags":[13397,22,23,13398,704,26,27,684,13393,17,21,24,25,28,29,13396,15,16,13394,13395,18,34,636,31,33,32,30,19,20,237],"class_list":{"0":"post-130378","1":"post","2":"type-post","3":"status-publish","4":"format-standard","5":"has-post-thumbnail","7":"category-rubriker","8":"tag-aggressivitet-i-sociala-medier","9":"tag-breaking-news","10":"tag-breakingnews","11":"tag-digitalt-vald","12":"tag-elon-musk","13":"tag-featured-news","14":"tag-featurednews","15":"tag-finland","16":"tag-grok","17":"tag-headlines","18":"tag-huvudnyheter","19":"tag-latest-news","20":"tag-latestnews","21":"tag-main-news","22":"tag-mainnews","23":"tag-mobbning-i-sociala-medier","24":"tag-news","25":"tag-nyheter","26":"tag-olagligt-innehall","27":"tag-plattform","28":"tag-rubriker","29":"tag-se","30":"tag-sociala-medier","31":"tag-svenska","32":"tag-sverige","33":"tag-sweden","34":"tag-swedish","35":"tag-top-stories","36":"tag-topstories","37":"tag-utrikes"},"share_on_mastodon":{"url":"https:\/\/pubeurope.com\/@se\/115864326775939848","error":""},"_links":{"self":[{"href":"https:\/\/www.europesays.com\/se\/wp-json\/wp\/v2\/posts\/130378","targetHints":{"allow":["GET"]}}],"collection":[{"href":"https:\/\/www.europesays.com\/se\/wp-json\/wp\/v2\/posts"}],"about":[{"href":"https:\/\/www.europesays.com\/se\/wp-json\/wp\/v2\/types\/post"}],"author":[{"embeddable":true,"href":"https:\/\/www.europesays.com\/se\/wp-json\/wp\/v2\/users\/2"}],"replies":[{"embeddable":true,"href":"https:\/\/www.europesays.com\/se\/wp-json\/wp\/v2\/comments?post=130378"}],"version-history":[{"count":0,"href":"https:\/\/www.europesays.com\/se\/wp-json\/wp\/v2\/posts\/130378\/revisions"}],"wp:featuredmedia":[{"embeddable":true,"href":"https:\/\/www.europesays.com\/se\/wp-json\/wp\/v2\/media\/130379"}],"wp:attachment":[{"href":"https:\/\/www.europesays.com\/se\/wp-json\/wp\/v2\/media?parent=130378"}],"wp:term":[{"taxonomy":"category","embeddable":true,"href":"https:\/\/www.europesays.com\/se\/wp-json\/wp\/v2\/categories?post=130378"},{"taxonomy":"post_tag","embeddable":true,"href":"https:\/\/www.europesays.com\/se\/wp-json\/wp\/v2\/tags?post=130378"}],"curies":[{"name":"wp","href":"https:\/\/api.w.org\/{rel}","templated":true}]}}