{"id":130382,"date":"2026-01-09T09:03:35","date_gmt":"2026-01-09T09:03:35","guid":{"rendered":"https:\/\/www.europesays.com\/se\/130382\/"},"modified":"2026-01-09T09:03:35","modified_gmt":"2026-01-09T09:03:35","slug":"ikvall-pa-svt2-kanslostarkt-och-fangslande-drama-fran-2024-lamnar-ingen-oberord","status":"publish","type":"post","link":"https:\/\/www.europesays.com\/se\/130382\/","title":{"rendered":"Ikv\u00e4ll p\u00e5 SVT2: &#8221;K\u00e4nslostarkt och f\u00e4ngslande&#8221; drama fr\u00e5n 2024 l\u00e4mnar ingen ober\u00f6rd"},"content":{"rendered":"<p>Ingmar Bergman m\u00e5 ha g\u00e5tt ur tiden, men hans arv lever p\u00e5 alla s\u00e4tt vidare. Inte enbart av hans tidl\u00f6st m\u00e4sterliga filmer eller inspirationen han givit till andra, utan likv\u00e4l han faktiska familj som forts\u00e4tter inom branschen. <\/p>\n<p>\u201dArmand\u201d fr\u00e5n 2022 \u00e4r n\u00e4mligen regisserad av hans barnbarn, <a href=\"https:\/\/www.moviezine.se\/people\/halfdan-ullman-tondel\" rel=\"nofollow noopener\" target=\"_blank\">Halfdan Ullmann T\u00f8ndel<\/a>. Detta drama utspelar sig till st\u00f6rsta del i ett klassrum. Tv\u00e5 par f\u00f6r\u00e4ldrar har blivit kallade till skolan, efter att den ena pojken anklagats f\u00f6r att ha utnyttjat sin v\u00e4n sexuellt. Det hela st\u00e4lls p\u00e5 sin spets alltmer och f\u00f6rdomar, tidigare \u00f6vertr\u00e4delser och personliga k\u00e4nslor ligger sp\u00e4nt i luften. <\/p>\n<p>Sk\u00e5despelet \u00e4r riktigt, riktigt bra. I rollerna ser vi <strong>Ellen Dorrit Petersen, Endre Hellestveit <\/strong>och <strong>Renate Reinsve<\/strong> , som alla bjuder p\u00e5 komplexa och m\u00e4nskliga portr\u00e4tt. Det \u00e4r en film som mestadels utspelar sig p\u00e5 mycket liten yta och s\u00e5som alla filmer n\u00e4r det faktiskt lyckas \u00e4r det alltid imponerande. Ett vackert diskb\u00e4nksrealistiskt drama som nog hade gjort morfar Ingmar mycket stolt.<\/p>\n<p>H\u00e4r hos Moviezine fick <a href=\"https:\/\/www.moviezine.se\/recensioner\/kanslostarkt-kalejdoskop-med-udd\" rel=\"nofollow noopener\" target=\"_blank\">\u201dArmand\u201d betyg 4\/5<\/a>. Anna Hedlin kallade filmen \u201den k\u00e4nslostark film med udd, l\u00e4mnar ingen ober\u00f6rd (\u2026) f\u00e4ngslande i starkt drama d\u00e4r surrealism m\u00f6ter verklighet. Trots att vi hela filmen \u00e4r p\u00e5 samma plats blir den aldrig tr\u00e5kig eller ointressant. Renate Reinsve \u00e4r dock den i s\u00e4rklass starkast lysande spelaren. Allt ramas in av det st\u00e4mningsfulla fotot\u201d.<\/p>\n<p>Det g\u00e5r inte annat \u00e4n att h\u00e5lla med om detta oerh\u00f6rt gripande drama, som \u00e4ven blev Norges Oscarsbidrag. Vid norska Oscarsmotsvarigheten Amanda vann den f\u00f6r B\u00e4sta kvinnliga biroll (Petersen), B\u00e4sta foto och B\u00e4sta ljuddesign. \u00e4ven nominerad inom bland annat B\u00e4sta film, B\u00e4sta regi och B\u00e4sta kvinnliga huvudroll (Reinsve). <\/p>\n<p>\u201dArmand\u201d visas ikv\u00e4ll <strong>21:45<\/strong> p\u00e5 <strong>SVT2<\/strong>. Streamar \u00e4ven gratis p\u00e5 SVT Play. Finns att hyra &amp; k\u00f6pa hos SF Anytime.<\/p>\n<p><img loading=\"lazy\" decoding=\"async\" alt=\"YouTube video\" width=\"480\" height=\"360\" data-pin-nopin=\"true\" nopin=\"nopin\" class=\"perfmatters-lazy\" src=\"https:\/\/www.europesays.com\/se\/wp-content\/uploads\/2026\/01\/1767949415_87_hqdefault.jpg\"\/><\/p>\n<p>L\u00e4s ocks\u00e5: <a href=\"https:\/\/www.moviezine.se\/nyheter\/21-nya-filmer-har-precis-slappts-hos-svt-play-har-ar-3-guldkorn-fran-senaste-aren\" title=\"21 nya filmer hos SVT Play idag \u2013 h\u00e4r \u00e4r 3 guldkorn fr\u00e5n senaste \u00e5ren\" class=\"underline-custom !font-montserrat !font-bold !underline-offset-4 !decoration-4 !decoration-moviezine-green !text-md\" rel=\"nofollow noopener\" target=\"_blank\">21 nya filmer hos SVT Play idag \u2013 h\u00e4r \u00e4r 3 guldkorn fr\u00e5n senaste \u00e5ren<\/a><\/p>\n","protected":false},"excerpt":{"rendered":"Ingmar Bergman m\u00e5 ha g\u00e5tt ur tiden, men hans arv lever p\u00e5 alla s\u00e4tt vidare. Inte enbart av&hellip;\n","protected":false},"author":2,"featured_media":130383,"comment_status":"","ping_status":"","sticky":false,"template":"","format":"standard","meta":{"footnotes":""},"categories":[67],"tags":[104,34,31,33,586,32,30,2768,105],"class_list":{"0":"post-130382","1":"post","2":"type-post","3":"status-publish","4":"format-standard","5":"has-post-thumbnail","7":"category-underhallning","8":"tag-entertainment","9":"tag-se","10":"tag-svenska","11":"tag-sverige","12":"tag-svt","13":"tag-sweden","14":"tag-swedish","15":"tag-tv-tips","16":"tag-underhallning"},"share_on_mastodon":{"url":"https:\/\/pubeurope.com\/@se\/115864338614381783","error":""},"_links":{"self":[{"href":"https:\/\/www.europesays.com\/se\/wp-json\/wp\/v2\/posts\/130382","targetHints":{"allow":["GET"]}}],"collection":[{"href":"https:\/\/www.europesays.com\/se\/wp-json\/wp\/v2\/posts"}],"about":[{"href":"https:\/\/www.europesays.com\/se\/wp-json\/wp\/v2\/types\/post"}],"author":[{"embeddable":true,"href":"https:\/\/www.europesays.com\/se\/wp-json\/wp\/v2\/users\/2"}],"replies":[{"embeddable":true,"href":"https:\/\/www.europesays.com\/se\/wp-json\/wp\/v2\/comments?post=130382"}],"version-history":[{"count":0,"href":"https:\/\/www.europesays.com\/se\/wp-json\/wp\/v2\/posts\/130382\/revisions"}],"wp:featuredmedia":[{"embeddable":true,"href":"https:\/\/www.europesays.com\/se\/wp-json\/wp\/v2\/media\/130383"}],"wp:attachment":[{"href":"https:\/\/www.europesays.com\/se\/wp-json\/wp\/v2\/media?parent=130382"}],"wp:term":[{"taxonomy":"category","embeddable":true,"href":"https:\/\/www.europesays.com\/se\/wp-json\/wp\/v2\/categories?post=130382"},{"taxonomy":"post_tag","embeddable":true,"href":"https:\/\/www.europesays.com\/se\/wp-json\/wp\/v2\/tags?post=130382"}],"curies":[{"name":"wp","href":"https:\/\/api.w.org\/{rel}","templated":true}]}}