{"id":130389,"date":"2026-01-09T09:08:16","date_gmt":"2026-01-09T09:08:16","guid":{"rendered":"https:\/\/www.europesays.com\/se\/130389\/"},"modified":"2026-01-09T09:08:16","modified_gmt":"2026-01-09T09:08:16","slug":"os-truppen-starks-pa-alpint-och-skicross-estelle-alphand-cornelia-ohlund-och-linnea-mobarg-klara-for-milano-cortina","status":"publish","type":"post","link":"https:\/\/www.europesays.com\/se\/130389\/","title":{"rendered":"OS-truppen st\u00e4rks p\u00e5 alpint och skicross &#8211; Estelle Alphand, Cornelia \u00d6hlund och Linnea Mob\u00e4rg klara f\u00f6r Milano Cortina."},"content":{"rendered":"<p class=\"normal\">Cornelia \u00d6hlund kom tillbaka efter en bruten tumme f\u00f6rra s\u00e4songen och vann JVM-guld i slalom i mars. Hon avslutade 2025 genom att sluta sjua i v\u00e4rldscupt\u00e4vlingen i Semmering under mellandagarna. \u00d6hlund tas ut i slalom. Estelle Alphand har varit sjua i v\u00e4rldscupen i vinter, den forna guldmedalj\u00f6ren fr\u00e5n ungdoms-OS 2012 g\u00f6r nu sitt andra olympiska spel. Hon slutade p\u00e5 16:e plats i PyeongChang 2018. Alphand tas ut f\u00f6r att k\u00f6ra storslalom.<\/p>\n<p>Charlie Laband, huvudtr\u00e4nare f\u00f6r det alpina damlandslaget, s\u00e4ger s\u00e5 h\u00e4r om de uttagna \u00e5karna:<\/p>\n<p>\u2013 Cornelia har gjort flera starka resultat i f\u00f6ljd och b\u00f6rjar bli stabil p\u00e5 den h\u00e4r niv\u00e5n. Det har gett henne sj\u00e4lvf\u00f6rtroende och en formkurva som g\u00e5r upp\u00e5t som en raket. Nu n\u00e4r hon \u00e4r mer s\u00e4ker p\u00e5 sin startplats i topp-15 kan hon nyttja det f\u00f6r stabilitet och lugn i \u00e5kningen, hon blir starkare f\u00f6r varje race. Estelle har visat att hon kan h\u00e5lla b\u00e5de h\u00f6g hastighet och h\u00f6g niv\u00e5 p\u00e5 \u00e5kningen. Hennes h\u00f6gsta niv\u00e5 d\u00e4r hon presterar p\u00e5 topp kan r\u00e4cka l\u00e5ngt i ett OS.<\/p>\n<p class=\"normal\">\u2013 Cornelia \u00e4r en stor talang som visat kapacitet att vara bland de tio b\u00e4sta i slalom. Estelle har varit topp-sju i storslalom i vinter. Vi har ett starkt damlag i Italien med Sara Hector och Anna Swenn Larsson uttagna tidigare, s\u00e4ger Fredrik Joulamo, SOK:s sportdirekt\u00f6r.<\/p>\n<p class=\"normal\">Damernas storslalom k\u00f6rs den 15 februari och slalom g\u00e5r den 18 februari i Cortina.<\/p>\n<p class=\"normal\">Skicross\u00e5karen Linnea Mob\u00e4rg tas ut som den fj\u00e4rde \u00e5karen i laget, tillsammans med sina br\u00f6der David och Erik samt Sandra N\u00e4slund som redan \u00e4r uttagna. Linnea har under den h\u00e4r s\u00e4songen hittills haft tv\u00e5 niondeplatser p\u00e5 v\u00e4rldscupen.<\/p>\n<p class=\"normal\">\u2013 Roligt f\u00f6r Linnea att f\u00e5 sin plats till OS, ihop med sina br\u00f6der! Det \u00e4r \u00e4ven bra f\u00f6r laget att ha fler \u00e4n en \u00e5kare uttagen i grenen skicross, det ger oss m\u00f6jlighet att tr\u00e4na p\u00e5 ett annat s\u00e4tt. Att vi f\u00e5r en \u00e5kare till som kan matcha Sandra N\u00e4slund p\u00e5 tr\u00e4ning inf\u00f6r OS gynnar dem b\u00e5da, s\u00e4ger Eric Iljans, huvudtr\u00e4nare f\u00f6r skicrosslandslaget.<\/p>\n<p class=\"normal\">\u2013 Linnea har visat en h\u00f6g niv\u00e5 under l\u00e5ng tid och f\u00f6rtj\u00e4nat sin OS-plats, s\u00e4ger Fredrik Joulamo.<\/p>\n<p class=\"normal\">T\u00e4vlingarna i skicross k\u00f6rs i Livigno, herrarna den 20 februari och damerna den 21 februari.<\/p>\n","protected":false},"excerpt":{"rendered":"Cornelia \u00d6hlund kom tillbaka efter en bruten tumme f\u00f6rra s\u00e4songen och vann JVM-guld i slalom i mars. Hon&hellip;\n","protected":false},"author":2,"featured_media":130390,"comment_status":"","ping_status":"","sticky":false,"template":"","format":"standard","meta":{"footnotes":""},"categories":[5],"tags":[22,23,26,27,17,21,24,25,28,29,15,16,18,34,31,33,32,30,19,20],"class_list":{"0":"post-130389","1":"post","2":"type-post","3":"status-publish","4":"format-standard","5":"has-post-thumbnail","7":"category-rubriker","8":"tag-breaking-news","9":"tag-breakingnews","10":"tag-featured-news","11":"tag-featurednews","12":"tag-headlines","13":"tag-huvudnyheter","14":"tag-latest-news","15":"tag-latestnews","16":"tag-main-news","17":"tag-mainnews","18":"tag-news","19":"tag-nyheter","20":"tag-rubriker","21":"tag-se","22":"tag-svenska","23":"tag-sverige","24":"tag-sweden","25":"tag-swedish","26":"tag-top-stories","27":"tag-topstories"},"share_on_mastodon":{"url":"https:\/\/pubeurope.com\/@se\/115864358282489600","error":""},"_links":{"self":[{"href":"https:\/\/www.europesays.com\/se\/wp-json\/wp\/v2\/posts\/130389","targetHints":{"allow":["GET"]}}],"collection":[{"href":"https:\/\/www.europesays.com\/se\/wp-json\/wp\/v2\/posts"}],"about":[{"href":"https:\/\/www.europesays.com\/se\/wp-json\/wp\/v2\/types\/post"}],"author":[{"embeddable":true,"href":"https:\/\/www.europesays.com\/se\/wp-json\/wp\/v2\/users\/2"}],"replies":[{"embeddable":true,"href":"https:\/\/www.europesays.com\/se\/wp-json\/wp\/v2\/comments?post=130389"}],"version-history":[{"count":0,"href":"https:\/\/www.europesays.com\/se\/wp-json\/wp\/v2\/posts\/130389\/revisions"}],"wp:featuredmedia":[{"embeddable":true,"href":"https:\/\/www.europesays.com\/se\/wp-json\/wp\/v2\/media\/130390"}],"wp:attachment":[{"href":"https:\/\/www.europesays.com\/se\/wp-json\/wp\/v2\/media?parent=130389"}],"wp:term":[{"taxonomy":"category","embeddable":true,"href":"https:\/\/www.europesays.com\/se\/wp-json\/wp\/v2\/categories?post=130389"},{"taxonomy":"post_tag","embeddable":true,"href":"https:\/\/www.europesays.com\/se\/wp-json\/wp\/v2\/tags?post=130389"}],"curies":[{"name":"wp","href":"https:\/\/api.w.org\/{rel}","templated":true}]}}