{"id":130400,"date":"2026-01-09T09:16:11","date_gmt":"2026-01-09T09:16:11","guid":{"rendered":"https:\/\/www.europesays.com\/se\/130400\/"},"modified":"2026-01-09T09:16:11","modified_gmt":"2026-01-09T09:16:11","slug":"os-truppen-vaxer-nio-nya-deltagare","status":"publish","type":"post","link":"https:\/\/www.europesays.com\/se\/130400\/","title":{"rendered":"OS-truppen v\u00e4xer \u2013 nio nya deltagare"},"content":{"rendered":"<p class=\"normal\">De som fick klartecken under fredagen \u00e4r alpin\u00e5karna Cornelia \u00d6hlund och Estelle Alphand, l\u00e4ngd\u00e5karna Truls Gisselman och Gustaf Berglund, puckelpistdoun Rasmus Stegfeldt och Robin Olg\u00e5rd, skicross\u00e5karen Linnea Mob\u00e4rg samt isdansparet Nikolaj Majorov och Milla Ruud Reitan.<\/p>\n<p><strong>Tv\u00e5 alpin\u00e5kare<\/strong><\/p>\n<p class=\"normal\">Cornelia \u00d6hlund kom tillbaka efter en bruten tumme f\u00f6rra s\u00e4songen och vann JVM-guld i slalom i mars. Hon avslutade 2025 genom att sluta sjua i v\u00e4rldscupt\u00e4vlingen i Semmering under mellandagarna. \u00d6hlund tas ut i slalom. Estelle Alphand har varit sjua i v\u00e4rldscupen i vinter, den forna guldmedalj\u00f6ren fr\u00e5n ungdoms-OS 2012 g\u00f6r nu sitt andra olympiska spel. Hon slutade p\u00e5 16:e plats i PyeongChang 2018. Alphand tas ut f\u00f6r att k\u00f6ra storslalom.<\/p>\n<p class=\"normal\">-Cornelia \u00e4r en stor talang som visat kapacitet att vara bland de tio b\u00e4sta i slalom. Estelle har varit topp-sju i storslalom i vinter. Vi har ett starkt damlag i Italien med Sara Hector och Anna Swenn Larsson uttagna tidigare, s\u00e4ger Fredrik Joulamo.<\/p>\n<p><strong>Puckelpistduo<\/strong><\/p>\n<p class=\"normal\">Puckelpist\u00e5karen Robin Olg\u00e5rd var tia i singel och elva i parallell vid fjol\u00e5rets VM i puckelpist. 22-\u00e5ringens b\u00e4sta placering i v\u00e4rldscupen \u00e4r en niondeplats fr\u00e5n f\u00f6rra vintern. Rasmus Stegfeldt har flera pallplatser i v\u00e4rldscupen p\u00e5 meritlistan, den senaste fr\u00e5n december 2023. Under fjol\u00e5rss\u00e4songen var han topp-sju vid fem tillf\u00e4llen.<\/p>\n<p class=\"normal\">-Robin \u00e4r ett framtidsl\u00f6fte och f\u00e5r chansen via framtidskriteriet. Rasmus har vid flera tillf\u00e4llen i v\u00e4rldscupen bevisat sin kapacitet. Dubbla chanser till framskjutna placeringar finns i puckelpist f\u00f6r f\u00f6rsta g\u00e5ngen i OS d\u00e5 parallellpuckel finns med f\u00f6r f\u00f6rsta g\u00e5ngen, s\u00e4ger Fredrik Joulamo, som sedan tidigare tagit ut Walter Wallberg och Felix Gravenfors till OS.<\/p>\n<p><strong>I truppen med br\u00f6derna<\/strong><\/p>\n<p class=\"normal\">Skicross\u00e5karen Linnea Mob\u00e4rg har efter VM-medalj som junior etablerat sig i v\u00e4rldscupen de g\u00e5ngna s\u00e4songerna. Under s\u00e4songsinledningen har 24-\u00e5ringen slutat nio vid tv\u00e5 tillf\u00e4llen. Linnea tar nu plats i OS-truppen i skicross tillsammans med sina br\u00f6der David och Erik Mob\u00e4rg, samt Sandra N\u00e4slund.<\/p>\n<p class=\"normal\">-Linnea har visat en h\u00f6g niv\u00e5 under l\u00e5ng tid och f\u00f6rtj\u00e4nat sin OS-plats, s\u00e4ger Fredrik Joulamo<\/p>\n<p><strong>Par i isdans<\/strong><\/p>\n<p class=\"normal\">Isdansparet Nikolaj Majorov och Milla Ruud Reitan s\u00e4krade under 2025 b\u00e5de en internationell kvotplats i isdans och ett svenskt medborgarskap f\u00f6r Milla. Ruud Reitan \u00e4r fr\u00e5n b\u00f6rjan norsk medborgare, men har bott i Sverige s\u00e5 l\u00e4nge att hon i december kunde ans\u00f6ka om och beviljas svenskt medborgarskap. Lule\u00e5f\u00f6dde Nikolaj Majorov t\u00e4vlade som singel\u00e5kare i PyeongChang vid OS i Peking 2022.<\/p>\n<p class=\"normal\">-Nikolaj och Milla tas ut via framtidskriteriet. De \u00e4r ett nytt isdanspar som vi tror kommer utvecklas, s\u00e4ger Fredrik Joulamo.<\/p>\n<p><strong>Tv\u00e5 l\u00e4ngd\u00e5kare<\/strong><\/p>\n<p class=\"normal\">L\u00e4ngd\u00e5karna Gustav Berglund och Truls Gisselman deltog b\u00e5da i Tour de Ski. Gisselman blev 19:e i totalen. Han var dessutom 15:e i jaktstarten och 18:e p\u00e5 10 km i klassisk stil. Gisselman var ocks\u00e5 en del av stafettlaget som tog brons i VM i Trondheim i mars. Gisselman tas ut som stafett\u00e5kare.<\/p>\n<p class=\"normal\">Gustaf Berglund slutade 29:a i Tour de ski, men har inlett v\u00e4rldscups\u00e4songen med tv\u00e5 placeringar bland de 15 fr\u00e4msta i individuella millopp. Gustaf var \u00e5tta p\u00e5 femmilen vid VM i mars. Berglund tas ut via grundkriteriet.<\/p>\n<p class=\"normal\">Berglund och Gisselman tar plats i OS-truppen tillsammans med herr\u00e5kare som Edvin Anger, William Poromaa, Alvar Myhlback och Anton Grahn.<\/p>\n<p class=\"normal\">&#8211; Vi har nu tv\u00e5 platser kvar att fylla i herrlaget. N\u00e4sta l\u00e4ngduttagning kommer att ske den 20 januari, s\u00e4ger Fredrik Joulamo.<\/p>\n","protected":false},"excerpt":{"rendered":"De som fick klartecken under fredagen \u00e4r alpin\u00e5karna Cornelia \u00d6hlund och Estelle Alphand, l\u00e4ngd\u00e5karna Truls Gisselman och Gustaf&hellip;\n","protected":false},"author":2,"featured_media":130401,"comment_status":"","ping_status":"","sticky":false,"template":"","format":"standard","meta":{"footnotes":""},"categories":[5],"tags":[22,23,26,27,17,21,24,25,28,29,15,16,18,34,31,33,32,30,19,20],"class_list":{"0":"post-130400","1":"post","2":"type-post","3":"status-publish","4":"format-standard","5":"has-post-thumbnail","7":"category-rubriker","8":"tag-breaking-news","9":"tag-breakingnews","10":"tag-featured-news","11":"tag-featurednews","12":"tag-headlines","13":"tag-huvudnyheter","14":"tag-latest-news","15":"tag-latestnews","16":"tag-main-news","17":"tag-mainnews","18":"tag-news","19":"tag-nyheter","20":"tag-rubriker","21":"tag-se","22":"tag-svenska","23":"tag-sverige","24":"tag-sweden","25":"tag-swedish","26":"tag-top-stories","27":"tag-topstories"},"share_on_mastodon":{"url":"https:\/\/pubeurope.com\/@se\/115864389723654273","error":""},"_links":{"self":[{"href":"https:\/\/www.europesays.com\/se\/wp-json\/wp\/v2\/posts\/130400","targetHints":{"allow":["GET"]}}],"collection":[{"href":"https:\/\/www.europesays.com\/se\/wp-json\/wp\/v2\/posts"}],"about":[{"href":"https:\/\/www.europesays.com\/se\/wp-json\/wp\/v2\/types\/post"}],"author":[{"embeddable":true,"href":"https:\/\/www.europesays.com\/se\/wp-json\/wp\/v2\/users\/2"}],"replies":[{"embeddable":true,"href":"https:\/\/www.europesays.com\/se\/wp-json\/wp\/v2\/comments?post=130400"}],"version-history":[{"count":0,"href":"https:\/\/www.europesays.com\/se\/wp-json\/wp\/v2\/posts\/130400\/revisions"}],"wp:featuredmedia":[{"embeddable":true,"href":"https:\/\/www.europesays.com\/se\/wp-json\/wp\/v2\/media\/130401"}],"wp:attachment":[{"href":"https:\/\/www.europesays.com\/se\/wp-json\/wp\/v2\/media?parent=130400"}],"wp:term":[{"taxonomy":"category","embeddable":true,"href":"https:\/\/www.europesays.com\/se\/wp-json\/wp\/v2\/categories?post=130400"},{"taxonomy":"post_tag","embeddable":true,"href":"https:\/\/www.europesays.com\/se\/wp-json\/wp\/v2\/tags?post=130400"}],"curies":[{"name":"wp","href":"https:\/\/api.w.org\/{rel}","templated":true}]}}