{"id":130405,"date":"2026-01-09T09:21:08","date_gmt":"2026-01-09T09:21:08","guid":{"rendered":"https:\/\/www.europesays.com\/se\/130405\/"},"modified":"2026-01-09T09:21:08","modified_gmt":"2026-01-09T09:21:08","slug":"ncc-bygger-unik-tvillingskola-i-surahammar","status":"publish","type":"post","link":"https:\/\/www.europesays.com\/se\/130405\/","title":{"rendered":"NCC bygger unik tvillingskola i Surahammar"},"content":{"rendered":"<p><img loading=\"lazy\" decoding=\"async\" alt=\"\" height=\"294\" src=\"https:\/\/www.europesays.com\/se\/wp-content\/uploads\/2026\/01\/bf3450722701c87c_800x800ar.jpg\" width=\"441\"\/><br \/>Sv\u00e4rtinge skola i Norrk\u00f6ping som st\u00e5r modell f\u00f6r den nya skolan i Surahammar<\/p>\n<p>NCC ska bygga en ny skola i Surahammar utifr\u00e5n befintliga bygghandlingar av en skola som byggdes i Norrk\u00f6ping \u00e5r 2020 av NCC. Skolan best\u00e5r av tv\u00e5 parallella byggnader som ska inneh\u00e5lla l\u00e4rmilj\u00f6er f\u00f6r \u00e5rskurs F-6 med en kapacitet f\u00f6r cirka 400 elever. M\u00e5let \u00e4r att skapa en funktionell och h\u00e5llbar skola d\u00e4r modult\u00e4nk och upprepning bidrar till kostnadseffektivitet.<\/p>\n<p>\u2013 Tanken var att hitta en skola som redan fanns och som vi kunde utv\u00e4rdera i verkligheten. Vanligtvis f\u00e5r man bara utv\u00e4rdera en skola p\u00e5 ritning, men nu kunde vi rent faktiskt g\u00e5 runt i byggnaden och intervjua pedagoger, rektor och vaktm\u00e4stare om hur allt fungerar i skolan. NCC var den byggare som presenterade den b\u00e4sta l\u00f6sningen f\u00f6r oss n\u00e4r det kom till kvalitet, arkitektur och planering, s\u00e4ger Fredrik Cederblom, kommundirekt\u00f6r i Surahammar.<\/p>\n<p>I byggnationen ing\u00e5r, f\u00f6rutom lokaler f\u00f6r undervisning, \u00e4ven lektionssalar f\u00f6r praktiskt estetiska \u00e4mnen, tillagningsk\u00f6k och matsal. Kommunen planerar \u00e4ven f\u00f6r en utomhusmilj\u00f6 som ska stimulera till fysisk aktivitet. Projektet omfattar en byggyta p\u00e5 totalt 6 000 kvadratmeter.<\/p>\n<p>\u2013 Genom den unika upphandlingsprocessen har vi haft en fin dialog med kommunen f\u00f6r att hitta den b\u00e4sta skolan f\u00f6r deras behov. Vi har f\u00e5tt m\u00f6jlighet att anv\u00e4nda v\u00e5r erfarenhet och kompetens fr\u00e5n att bygga skolor runt om i Sverige. NCC kommer leverera en v\u00e4l fungerande skola som v\u00e5r kund faktiskt f\u00e5tt bes\u00f6ka, k\u00e4nna p\u00e5 och st\u00e4lla fr\u00e5gor kring, s\u00e4ger Tony Ringdahl, aff\u00e4rschef p\u00e5 NCC Building Sverige.<\/p>\n<p>Produktionen inleds i f\u00f6rsta kvartalet 2026 och ber\u00e4knas vara klart tredje kvartalet 2027. Aff\u00e4ren har ett orderv\u00e4rde p\u00e5 cirka 175 MSEK som orderregistreras i aff\u00e4rsomr\u00e5de NCC Building Sweden under fj\u00e4rde kvartalet 2025.<\/p>\n<p><strong>F\u00f6r ytterligare information, v\u00e4nligen kontakta:<\/strong><br \/>Tony Ringdahl, aff\u00e4rschef NCC Building Sverige, <a href=\"https:\/\/www.ncc.se\/media\/pressrelease\/2026\/633e7b8ee395b548\/mailto:tony.ringdahl@ncc.se\" rel=\"nofollow noopener\" target=\"_blank\">tony.ringdahl@ncc.se<\/a><br \/>Amelie Winberg, presschef NCC Sverige, <a href=\"https:\/\/www.ncc.se\/media\/pressrelease\/2026\/633e7b8ee395b548\/mailto:amelie.winberg@ncc.se\" rel=\"nofollow noopener\" target=\"_blank\">amelie.winberg@ncc.se<\/a>\u00a0 <\/p>\n<p>NCC:s presstj\u00e4nst: 08-585 519 00, press@ncc.se, <a href=\"https:\/\/www.ncc.se\/media\/bilder-och-film\/\" rel=\"nofollow noopener\" target=\"_blank\">NCC:s Mediabank<\/a><\/p>\n<p><strong>Om NCC<\/strong>. NCC \u00e4r ett av de ledande byggf\u00f6retagen i Norden. Som expert p\u00e5 att driva komplexa byggprocesser bidrar NCC till byggande som har en positiv inverkan p\u00e5 kunderna och p\u00e5 samh\u00e4llets utveckling i stort. Verksamheten omfattar bygg- och infrastrukturprojekt, produktion av asfalt och stenmaterial samt kommersiell fastighetsutveckling. 2024 omsatte NCC ca 62 miljarder SEK och hade 11 800 anst\u00e4llda. NCC:s aktier \u00e4r noterade p\u00e5 Nasdaq Stockholm.<\/p>\n","protected":false},"excerpt":{"rendered":"Sv\u00e4rtinge skola i Norrk\u00f6ping som st\u00e5r modell f\u00f6r den nya skolan i Surahammar NCC ska bygga en ny&hellip;\n","protected":false},"author":2,"featured_media":130406,"comment_status":"","ping_status":"","sticky":false,"template":"","format":"standard","meta":{"footnotes":""},"categories":[65],"tags":[72,70,71,34,31,33,32,30],"class_list":{"0":"post-130405","1":"post","2":"type-post","3":"status-publish","4":"format-standard","5":"has-post-thumbnail","7":"category-ekonomi","8":"tag-business","9":"tag-economy","10":"tag-ekonomi","11":"tag-se","12":"tag-svenska","13":"tag-sverige","14":"tag-sweden","15":"tag-swedish"},"share_on_mastodon":{"url":"https:\/\/pubeurope.com\/@se\/115864409492893721","error":""},"_links":{"self":[{"href":"https:\/\/www.europesays.com\/se\/wp-json\/wp\/v2\/posts\/130405","targetHints":{"allow":["GET"]}}],"collection":[{"href":"https:\/\/www.europesays.com\/se\/wp-json\/wp\/v2\/posts"}],"about":[{"href":"https:\/\/www.europesays.com\/se\/wp-json\/wp\/v2\/types\/post"}],"author":[{"embeddable":true,"href":"https:\/\/www.europesays.com\/se\/wp-json\/wp\/v2\/users\/2"}],"replies":[{"embeddable":true,"href":"https:\/\/www.europesays.com\/se\/wp-json\/wp\/v2\/comments?post=130405"}],"version-history":[{"count":0,"href":"https:\/\/www.europesays.com\/se\/wp-json\/wp\/v2\/posts\/130405\/revisions"}],"wp:featuredmedia":[{"embeddable":true,"href":"https:\/\/www.europesays.com\/se\/wp-json\/wp\/v2\/media\/130406"}],"wp:attachment":[{"href":"https:\/\/www.europesays.com\/se\/wp-json\/wp\/v2\/media?parent=130405"}],"wp:term":[{"taxonomy":"category","embeddable":true,"href":"https:\/\/www.europesays.com\/se\/wp-json\/wp\/v2\/categories?post=130405"},{"taxonomy":"post_tag","embeddable":true,"href":"https:\/\/www.europesays.com\/se\/wp-json\/wp\/v2\/tags?post=130405"}],"curies":[{"name":"wp","href":"https:\/\/api.w.org\/{rel}","templated":true}]}}