{"id":130426,"date":"2026-01-09T09:36:07","date_gmt":"2026-01-09T09:36:07","guid":{"rendered":"https:\/\/www.europesays.com\/se\/130426\/"},"modified":"2026-01-09T09:36:07","modified_gmt":"2026-01-09T09:36:07","slug":"ikea-uppdaterar-viral-varmblixt-lampa-nu-smart-dimbar-och-fargskiftande","status":"publish","type":"post","link":"https:\/\/www.europesays.com\/se\/130426\/","title":{"rendered":"IKEA uppdaterar viral Varmblixt-lampa \u2013 nu smart, dimbar och f\u00e4rgskiftande"},"content":{"rendered":"<p class=\"p1\"><strong>IKEA<\/strong> forts\u00e4tter att leverera snackisar fr\u00e5n <strong>CES 2026<\/strong>, och en av de mest uppm\u00e4rksammade nyheterna \u00e4r en uppdaterad version av den ikoniska <strong>Varmblixt-lampan<\/strong>. Den donutformade lampan, designad av nederl\u00e4ndska formgivaren Sabine Marcelis, blev en viral favorit n\u00e4r den sl\u00e4pptes 2023. Nu \u00e4r den tillbaka i en ny, smartare tappning.<\/p>\n<p>Fr\u00e5n glossy till soft glow<\/p>\n<p class=\"p1\">Originalet stack ut med sin blanka, f\u00e4rgade yta som reflekterade ljuset. Den nya versionen har ist\u00e4llet en matt, vit glasyta som g\u00f6r att ljuset gl\u00f6der mjukt inifr\u00e5n. Resultatet \u00e4r en mer harmonisk, n\u00e4stan dr\u00f6mlik k\u00e4nsla.<\/p>\n<p>12 f\u00e4rger, dimbart och fj\u00e4rrstyrt<\/p>\n<p class=\"p1\">Lampan kommer med 12 f\u00f6rinst\u00e4llda f\u00e4rger som du enkelt byter med en fj\u00e4rrkontroll. Allt fr\u00e5n klassiskt vitt ljus till varma amber-toner, rosa, lavendel och pulserande nyanser. F\u00e4rg\u00f6verg\u00e5ngarna \u00e4r designade f\u00f6r att vara extra mjuka, s\u00e5 inget k\u00e4nns hackigt eller stressigt.<\/p>\n<p class=\"p1\">Perfekt f\u00f6r mood lighting, kv\u00e4llschill eller bara f\u00f6r att s\u00e4tta vibe i rummet.<\/p>\n<p class=\"p1\">Det h\u00e4r \u00e4r ocks\u00e5 en symbol f\u00f6r IKEAs nya riktning efter Sonos-samarbetet. Mer egen design, mer tech, men fortfarande tillg\u00e4ngligt och lekfullt. Varmblixt har redan kultstatus. Med den h\u00e4r uppdateringen k\u00e4nns det som att IKEA siktar p\u00e5 att g\u00f6ra den till en ny modern klassiker.<\/p>\n","protected":false},"excerpt":{"rendered":"IKEA forts\u00e4tter att leverera snackisar fr\u00e5n CES 2026, och en av de mest uppm\u00e4rksammade nyheterna \u00e4r en uppdaterad&hellip;\n","protected":false},"author":2,"featured_media":130427,"comment_status":"","ping_status":"","sticky":false,"template":"","format":"standard","meta":{"footnotes":""},"categories":[66],"tags":[9163,954,13400,80,78,79,34,31,33,32,30,81,84,83,82],"class_list":{"0":"post-130426","1":"post","2":"type-post","3":"status-publish","4":"format-standard","5":"has-post-thumbnail","7":"category-vetenskap-och-teknik","8":"tag-ces-2026","9":"tag-ikea","10":"tag-ikea-varmblixt","11":"tag-science","12":"tag-science-and-technology","13":"tag-scienceandtechnology","14":"tag-se","15":"tag-svenska","16":"tag-sverige","17":"tag-sweden","18":"tag-swedish","19":"tag-technology","20":"tag-teknik","21":"tag-vetenskap","22":"tag-vetenskapteknik"},"share_on_mastodon":{"url":"https:\/\/pubeurope.com\/@se\/115864468479902995","error":""},"_links":{"self":[{"href":"https:\/\/www.europesays.com\/se\/wp-json\/wp\/v2\/posts\/130426","targetHints":{"allow":["GET"]}}],"collection":[{"href":"https:\/\/www.europesays.com\/se\/wp-json\/wp\/v2\/posts"}],"about":[{"href":"https:\/\/www.europesays.com\/se\/wp-json\/wp\/v2\/types\/post"}],"author":[{"embeddable":true,"href":"https:\/\/www.europesays.com\/se\/wp-json\/wp\/v2\/users\/2"}],"replies":[{"embeddable":true,"href":"https:\/\/www.europesays.com\/se\/wp-json\/wp\/v2\/comments?post=130426"}],"version-history":[{"count":0,"href":"https:\/\/www.europesays.com\/se\/wp-json\/wp\/v2\/posts\/130426\/revisions"}],"wp:featuredmedia":[{"embeddable":true,"href":"https:\/\/www.europesays.com\/se\/wp-json\/wp\/v2\/media\/130427"}],"wp:attachment":[{"href":"https:\/\/www.europesays.com\/se\/wp-json\/wp\/v2\/media?parent=130426"}],"wp:term":[{"taxonomy":"category","embeddable":true,"href":"https:\/\/www.europesays.com\/se\/wp-json\/wp\/v2\/categories?post=130426"},{"taxonomy":"post_tag","embeddable":true,"href":"https:\/\/www.europesays.com\/se\/wp-json\/wp\/v2\/tags?post=130426"}],"curies":[{"name":"wp","href":"https:\/\/api.w.org\/{rel}","templated":true}]}}