{"id":130432,"date":"2026-01-09T09:40:11","date_gmt":"2026-01-09T09:40:11","guid":{"rendered":"https:\/\/www.europesays.com\/se\/130432\/"},"modified":"2026-01-09T09:40:11","modified_gmt":"2026-01-09T09:40:11","slug":"historisk-os-uttagning-milla-ruud-reitan-och-nikolaj-majorov-forsta-svenska-isdansparet-till-os","status":"publish","type":"post","link":"https:\/\/www.europesays.com\/se\/130432\/","title":{"rendered":"Historisk OS-uttagning \u2013 Milla Ruud Reitan och Nikolaj Majorov f\u00f6rsta svenska isdansparet till OS"},"content":{"rendered":"<p class=\"normal\">-Det h\u00e4r k\u00e4nns otroligt stort och jag \u00e4r v\u00e4ldigt glad och stolt. OS har jag haft som m\u00e5l sedan barnsben. N\u00e4r jag och Nikolaj b\u00f6rjade \u00e5ka tillsammans k\u00e4nde vi direkt att vi kunde g\u00e5 l\u00e5ngt men det k\u00e4nns n\u00e4stan overkligt att vi n\u00e5tt s\u00e5 h\u00e4r l\u00e5ngt p\u00e5 s\u00e5 kort tid, s\u00e4ger Milla Ruud Reitan.<\/p>\n<p class=\"normal\">Nikolaj Majorov, som deltog i OS 2022 i singel, beskriver uttagningen som n\u00e5got alldeles extra.<\/p>\n<p class=\"normal\">\u2013 Att f\u00e5 representera Sverige vid OS 2022 var en of\u00f6rgl\u00f6mlig upplevelse. Att nu f\u00e5 g\u00f6ra det igen, bara fyra \u00e5r senare, men i en annan disciplin och tillsammans med Milla, \u00e4r otroligt stort. Det \u00e4r inte m\u00e5nga som f\u00e5r chansen att t\u00e4vla p\u00e5 OS i tv\u00e5 olika discipliner, och det \u00e4r n\u00e5got jag \u00e4r v\u00e4ldigt stolt \u00f6ver. Jag tror att k\u00e4nslan kommer vara helt annorlunda den h\u00e4r g\u00e5ngen. Att kliva ut p\u00e5 isen hand i hand med Milla, p\u00e5 v\u00e4rldens st\u00f6rsta scen \u2013 k\u00e4nns n\u00e4stan sv\u00e5rt att ta in. Vi \u00e4r verkligen stolta \u00f6ver hur l\u00e5ngt vi redan tagit oss.<\/p>\n<p class=\"normal\">Milla till\u00e4gger:<\/p>\n<p class=\"normal\">-Jag vet egentligen inte vad jag ska f\u00f6rv\u00e4nta mig av ett OS, och just det g\u00f6r det otroligt sp\u00e4nnande. Jag har sagt till Nikolaj att inte ber\u00e4tta f\u00f6r mycket \u2013 jag vill beh\u00e5lla den d\u00e4r sp\u00e4nningen och uppleva allt p\u00e5 plats.<\/p>\n<p class=\"normal\">Uttagningen grundar sig p\u00e5 Sveriges Olympiska Kommitt\u00e9s framtidskriterium, vilket understryker parets l\u00e5ngsiktiga potential och deras m\u00f6jligheter att etablera sig p\u00e5 den absoluta v\u00e4rldsniv\u00e5n under flera olympiska cykler.<\/p>\n<p class=\"normal\">\u2013 Det h\u00e4r \u00e4r verkligen stort f\u00f6r svensk konst\u00e5kning. F\u00f6r f\u00f6rsta g\u00e5ngen n\u00e5gonsin har vi ett svenskt isdanspar p\u00e5 OS. Milla och Nikolaj har utvecklats starkt, b\u00e5de individuellt och tillsammans, och deras m\u00e5ls\u00e4ttning har hela tiden varit h\u00f6g. Att de redan kvalificerar sig till OS \u00e4r ett stort steg fram\u00e5t \u2013 b\u00e5de f\u00f6r dem och f\u00f6r svensk isdans fram\u00e5t \u2013 och m\u00f6jligheterna \u00e4r enorma, s\u00e4ger Anna Burwall, sportchef p\u00e5 Svenska Konst\u00e5kningsf\u00f6rbundet.<\/p>\n<p class=\"normal\">OS i isdans inleds den 9 februari med den rytmiska dansen. Sedan tidigare \u00e4r \u00e4ven Andreas Nordeb\u00e4ck uttagen till OS i herrklassen.<\/p>\n<p class=\"normal\">\u00a0<\/p>\n<p class=\"normal\">\u00a0<\/p>\n","protected":false},"excerpt":{"rendered":"-Det h\u00e4r k\u00e4nns otroligt stort och jag \u00e4r v\u00e4ldigt glad och stolt. OS har jag haft som m\u00e5l&hellip;\n","protected":false},"author":2,"featured_media":130433,"comment_status":"","ping_status":"","sticky":false,"template":"","format":"standard","meta":{"footnotes":""},"categories":[5],"tags":[22,23,26,27,17,21,24,25,28,29,15,16,18,34,31,33,32,30,19,20],"class_list":{"0":"post-130432","1":"post","2":"type-post","3":"status-publish","4":"format-standard","5":"has-post-thumbnail","7":"category-rubriker","8":"tag-breaking-news","9":"tag-breakingnews","10":"tag-featured-news","11":"tag-featurednews","12":"tag-headlines","13":"tag-huvudnyheter","14":"tag-latest-news","15":"tag-latestnews","16":"tag-main-news","17":"tag-mainnews","18":"tag-news","19":"tag-nyheter","20":"tag-rubriker","21":"tag-se","22":"tag-svenska","23":"tag-sverige","24":"tag-sweden","25":"tag-swedish","26":"tag-top-stories","27":"tag-topstories"},"share_on_mastodon":{"url":"https:\/\/pubeurope.com\/@se\/115864484291066808","error":""},"_links":{"self":[{"href":"https:\/\/www.europesays.com\/se\/wp-json\/wp\/v2\/posts\/130432","targetHints":{"allow":["GET"]}}],"collection":[{"href":"https:\/\/www.europesays.com\/se\/wp-json\/wp\/v2\/posts"}],"about":[{"href":"https:\/\/www.europesays.com\/se\/wp-json\/wp\/v2\/types\/post"}],"author":[{"embeddable":true,"href":"https:\/\/www.europesays.com\/se\/wp-json\/wp\/v2\/users\/2"}],"replies":[{"embeddable":true,"href":"https:\/\/www.europesays.com\/se\/wp-json\/wp\/v2\/comments?post=130432"}],"version-history":[{"count":0,"href":"https:\/\/www.europesays.com\/se\/wp-json\/wp\/v2\/posts\/130432\/revisions"}],"wp:featuredmedia":[{"embeddable":true,"href":"https:\/\/www.europesays.com\/se\/wp-json\/wp\/v2\/media\/130433"}],"wp:attachment":[{"href":"https:\/\/www.europesays.com\/se\/wp-json\/wp\/v2\/media?parent=130432"}],"wp:term":[{"taxonomy":"category","embeddable":true,"href":"https:\/\/www.europesays.com\/se\/wp-json\/wp\/v2\/categories?post=130432"},{"taxonomy":"post_tag","embeddable":true,"href":"https:\/\/www.europesays.com\/se\/wp-json\/wp\/v2\/tags?post=130432"}],"curies":[{"name":"wp","href":"https:\/\/api.w.org\/{rel}","templated":true}]}}