{"id":130436,"date":"2026-01-09T09:45:24","date_gmt":"2026-01-09T09:45:24","guid":{"rendered":"https:\/\/www.europesays.com\/se\/130436\/"},"modified":"2026-01-09T09:45:24","modified_gmt":"2026-01-09T09:45:24","slug":"darfor-ar-det-brist-pa-kottfars","status":"publish","type":"post","link":"https:\/\/www.europesays.com\/se\/130436\/","title":{"rendered":"D\u00e4rf\u00f6r \u00e4r det brist p\u00e5 k\u00f6ttf\u00e4rs"},"content":{"rendered":"<p><a data-test-tag=\"internal-link\" href=\"https:\/\/www.aftonbladet.se\/av\/jonathan-norberg\" class=\"hyperion-css-13ns1rr\" rel=\"nofollow noopener\" target=\"\" aria-label=\"Se alla artiklar av Jonathan Norberg\"><img decoding=\"async\" class=\"image-asset hyperion-css-n6kkq1\" data-test-tag=\"image-asset\" src=\"https:\/\/www.europesays.com\/se\/wp-content\/uploads\/2026\/01\/1767951923_697_0c83c629-f6e4-476f-895e-11ef9702f091.png\"  alt=\"\"  loading=\"lazy\" fetchpriority=\"auto\" style=\"aspect-ratio:1900 \/ 1900\"\/><\/a><\/p>\n<p class=\"boxtextgrotesk-root_baa6 hyperion-css-7pajle\">Uppdaterad 07.56 | Publicerad 07.22<\/p>\n<p>share-arrowDela<\/p>\n<p>unsaveSpara<\/p>\n<p>expand-left<\/p>\n<p>helsk\u00e4rm<img decoding=\"async\" class=\"image-asset hyperion-css-u06ts1\" data-test-tag=\"image-asset\" src=\"https:\/\/www.europesays.com\/se\/wp-content\/uploads\/2026\/01\/2fea9a3c-7608-4129-8adb-e8ed2d05524d.jpeg\"  alt=\"Tacomyset \u00e4r hotat.\"  loading=\"eager\" fetchpriority=\"high\" style=\"aspect-ratio:1900 \/ 1488\"\/>Tacomyset \u00e4r hotat. Foto: B\u00f6rje Thuresson <\/p>\n<p class=\"hyperion-css-1shl3oz\" data-test-tag=\"lead-text\">Planerar du f\u00f6r tacofredag?<\/p>\n<p class=\"hyperion-css-1shl3oz\" data-test-tag=\"lead-text\">D\u00e5 kan du beh\u00f6va t\u00e4nka nytt med fyllningen.<\/p>\n<p class=\"hyperion-css-1shl3oz\" data-test-tag=\"lead-text\">Just nu saknas n\u00f6tf\u00e4rs hos flera matj\u00e4ttar \u2013 och det finns en anledning.<\/p>\n<p class=\"hyperion-css-1v9qo5x\">En rad butiker runt om i landet har i dagarna saknat olika typer av n\u00f6tk\u00f6tt i sitt sortiment. Framf\u00f6rallt saknas f\u00e4rsen i flera butikers hyllor.<\/p>\n<p class=\"hyperion-css-1v9qo5x\">Enligt Hemk\u00f6ps presschef Jenny Pedersen kan det dr\u00f6ja innan de fylls p\u00e5 igen.<\/p>\n<p class=\"hyperion-css-1v9qo5x\">\u201dTillg\u00e5ngen kommer att gradvis bli b\u00e4ttre, \u00e4ven om det kommer att ta tid\u201d, skriver hon i ett mejl till Aftonbladet.<\/p>\n<p>expand-left<\/p>\n<p>helsk\u00e4rm<img decoding=\"async\" class=\"image-asset hyperion-css-u06ts1\" data-test-tag=\"image-asset\" src=\"https:\/\/www.europesays.com\/se\/wp-content\/uploads\/2026\/01\/da4c9633-b3fe-4a63-912e-f95cf0fb81d3.jpeg\"  alt=\"En rad butiker runt om i landet har i dagarna saknat olika typer av n\u00f6tk\u00f6tt i sitt sortiment. Framf\u00f6rallt saknas f\u00e4rsen i flera butikers hyllor.\"  loading=\"eager\" fetchpriority=\"high\" style=\"aspect-ratio:1900 \/ 1224\"\/>En rad butiker runt om i landet har i dagarna saknat olika typer av n\u00f6tk\u00f6tt i sitt sortiment. Framf\u00f6rallt saknas f\u00e4rsen i flera butikers hyllor. Foto: Magnus Lejhall\/TT\/Arkiv<\/p>\n<p class=\"hyperion-css-1v9qo5x\">\u00c4ven ICA och Axfood bekr\u00e4ftar att det r\u00e5der brist p\u00e5 n\u00f6tk\u00f6tt i vissa butiker. Enligt b\u00e5da matj\u00e4ttarna \u00e4r julfirandet en anledning till att hyllorna gapar tomma.<\/p>\n<p class=\"hyperion-css-1v9qo5x\">\u201dDenna tid p\u00e5 \u00e5ret \u00e4r historiskt sett en period d\u00e5 brist uppst\u00e5r, d\u00e5 jul- och ny\u00e5rshelgerna medf\u00f6r m\u00e5nga r\u00f6da dagar som leder till att flera leverant\u00f6rer och producenter v\u00e4ljer att st\u00e4nga ned verksamheten under dessa dagar\u201d, skriver Maria Elfvelin, pressansvarig p\u00e5 ICA.<\/p>\n<p>expand-left<\/p>\n<p>helsk\u00e4rm<img decoding=\"async\" class=\"image-asset hyperion-css-u06ts1\" data-test-tag=\"image-asset\" src=\"https:\/\/www.europesays.com\/se\/wp-content\/uploads\/2026\/01\/844b0932-3746-4922-9a0d-a08773bdc950.jpeg\"  alt=\"Svenska k\u00f6ttdjur.\"  loading=\"eager\" fetchpriority=\"high\" style=\"aspect-ratio:1900 \/ 1230\"\/>Svenska k\u00f6ttdjur. Foto: Jerker Ivarsson\u201dKommer ta ganska m\u00e5nga \u00e5r att komma tillbaka\u201d<\/p>\n<p class=\"hyperion-css-1v9qo5x\">Men det \u00e4r inte bara jul och r\u00f6da dagar som \u00e4r att skylla. Enligt Isabel Moretti, vd f\u00f6r organisationen Svenskt K\u00f6tt, r\u00e5der det i allm\u00e4nhet en n\u00f6tk\u00f6ttsbrist sedan b\u00f6rjan p\u00e5 f\u00f6rra \u00e5ret.<\/p>\n<p class=\"hyperion-css-1v9qo5x\">\u2013\u00a0Det handlar om att vi har tappat produktion. Minskningen \u00e4r just nu inte lika stor som den har varit varit, man har \u00f6kat produktionen n\u00e5got. Men det kommer ta ganska m\u00e5nga \u00e5r att komma tillbaka igen, s\u00e4ger hon.<\/p>\n<p>expand-left<\/p>\n<p>helsk\u00e4rm<img decoding=\"async\" class=\"image-asset hyperion-css-u06ts1\" data-test-tag=\"image-asset\" src=\"https:\/\/www.europesays.com\/se\/wp-content\/uploads\/2026\/01\/cd2cb004-8e4e-4dda-9f7c-1abf436a41f5.jpeg\"  alt=\"Isabel Moretti\"  loading=\"eager\" fetchpriority=\"high\" style=\"aspect-ratio:1900 \/ 1173\"\/>Isabel Moretti Foto:  Ewa Stackelberg\/Svenskt K\u00f6tt<\/p>\n<p class=\"hyperion-css-1v9qo5x\">Totalt hade man under 2025 ett underskott p\u00e5 n\u00e4rmare 15 procent av svenskproducerat n\u00f6tk\u00f6tt.<\/p>\n<p class=\"hyperion-css-1v9qo5x\">\u2013\u00a0Det har varit allt fr\u00e5n ett antal fall av sv\u00e5r torka som p\u00e5verkat fodret, till kostnads\u00f6kningar p\u00e5 grund av kriget i Ukraina. Det har varit f\u00f6r f\u00e5 investeringar i svensk n\u00f6tk\u00f6ttsproduktion. Det \u00e4r fler \u00e4ldre som har lagt av \u00e4n yngre som har v\u00e5gat satsa, s\u00e4ger hon.<\/p>\n<p class=\"hyperion-css-1v9qo5x\">Situationen har lett till att priserna h\u00f6jts p\u00e5 b\u00e5de f\u00e4rs och \u00e4dla detaljer s\u00e5som ryggbiff och entrecote.<\/p>\n<p>expand-left<\/p>\n<p>helsk\u00e4rm<img decoding=\"async\" class=\"image-asset hyperion-css-u06ts1\" data-test-tag=\"image-asset\" src=\"https:\/\/www.europesays.com\/se\/wp-content\/uploads\/2026\/01\/21c70705-b09f-437f-92a1-27efa9fdfccd.jpeg\"  alt=\"K\u00f6ttf\u00e4rs har blivit av en bristvara.\"  loading=\"eager\" fetchpriority=\"high\" style=\"aspect-ratio:1900 \/ 1343\"\/>K\u00f6ttf\u00e4rs har blivit av en bristvara. Foto: Claudio Bresciani\/TT<\/p>\n<p class=\"hyperion-css-1v9qo5x\">Att det \u00e4r just k\u00f6ttf\u00e4rsen som g\u00e5r \u00e5t f\u00f6rst n\u00e4r produktionen saktar ner under mellandagarna f\u00f6rv\u00e5nar inte Isabel Moretti.<\/p>\n<p class=\"hyperion-css-1v9qo5x\">\u2013\u00a0Vi \u00e4r ett f\u00e4rs\u00e4lskade land, s\u00e5 en stor del av n\u00f6ten produceras som just det. Vi gillar v\u00e5r pasta med k\u00f6ttf\u00e4rss\u00e5s och v\u00e5ra k\u00f6ttbullar, s\u00e4ger hon.<\/p>\n","protected":false},"excerpt":{"rendered":"Uppdaterad 07.56 | Publicerad 07.22 share-arrowDela unsaveSpara expand-left helsk\u00e4rmTacomyset \u00e4r hotat. Foto: B\u00f6rje Thuresson Planerar du f\u00f6r tacofredag?&hellip;\n","protected":false},"author":2,"featured_media":130437,"comment_status":"","ping_status":"","sticky":false,"template":"","format":"standard","meta":{"footnotes":""},"categories":[65],"tags":[72,70,71,34,31,33,32,30],"class_list":{"0":"post-130436","1":"post","2":"type-post","3":"status-publish","4":"format-standard","5":"has-post-thumbnail","7":"category-ekonomi","8":"tag-business","9":"tag-economy","10":"tag-ekonomi","11":"tag-se","12":"tag-svenska","13":"tag-sverige","14":"tag-sweden","15":"tag-swedish"},"share_on_mastodon":{"url":"https:\/\/pubeurope.com\/@se\/115864503904179073","error":""},"_links":{"self":[{"href":"https:\/\/www.europesays.com\/se\/wp-json\/wp\/v2\/posts\/130436","targetHints":{"allow":["GET"]}}],"collection":[{"href":"https:\/\/www.europesays.com\/se\/wp-json\/wp\/v2\/posts"}],"about":[{"href":"https:\/\/www.europesays.com\/se\/wp-json\/wp\/v2\/types\/post"}],"author":[{"embeddable":true,"href":"https:\/\/www.europesays.com\/se\/wp-json\/wp\/v2\/users\/2"}],"replies":[{"embeddable":true,"href":"https:\/\/www.europesays.com\/se\/wp-json\/wp\/v2\/comments?post=130436"}],"version-history":[{"count":0,"href":"https:\/\/www.europesays.com\/se\/wp-json\/wp\/v2\/posts\/130436\/revisions"}],"wp:featuredmedia":[{"embeddable":true,"href":"https:\/\/www.europesays.com\/se\/wp-json\/wp\/v2\/media\/130437"}],"wp:attachment":[{"href":"https:\/\/www.europesays.com\/se\/wp-json\/wp\/v2\/media?parent=130436"}],"wp:term":[{"taxonomy":"category","embeddable":true,"href":"https:\/\/www.europesays.com\/se\/wp-json\/wp\/v2\/categories?post=130436"},{"taxonomy":"post_tag","embeddable":true,"href":"https:\/\/www.europesays.com\/se\/wp-json\/wp\/v2\/tags?post=130436"}],"curies":[{"name":"wp","href":"https:\/\/api.w.org\/{rel}","templated":true}]}}