{"id":130441,"date":"2026-01-09T09:48:24","date_gmt":"2026-01-09T09:48:24","guid":{"rendered":"https:\/\/www.europesays.com\/se\/130441\/"},"modified":"2026-01-09T09:48:24","modified_gmt":"2026-01-09T09:48:24","slug":"fortsatta-trafikstorningar-efter-snoovadret-trafiken-nu-goteborg","status":"publish","type":"post","link":"https:\/\/www.europesays.com\/se\/130441\/","title":{"rendered":"Fortsatta trafikst\u00f6rningar efter sn\u00f6ov\u00e4dret | Trafiken.nu G\u00f6teborg"},"content":{"rendered":"<p class=\"news-module__article-date\">&#13;<br \/>\nPublicerad: &#13;<br \/>\n                                &#13;<br \/>\n9 januari 2026 10:41&#13;\n                        <\/p>\n<p class=\"preamble\">&#13;<br \/>\n                                    Vintertrafik \u00b7 &#13;<br \/>\n                                Efter veckans sn\u00f6fall p\u00e5g\u00e5r arbetet med sn\u00f6r\u00f6jning. Det \u00e4r fortfarande st\u00f6rningar i kollektivtrafiken och halkvarningar p\u00e5 st\u00f6rre v\u00e4gar runt G\u00f6teborg. H\u00e5ll dig uppdaterad om du m\u00e5ste ge dig ut!&#13;\n                            <\/p>\n<p>De senaste dagarnas intensiva sn\u00f6fall har haft stor p\u00e5verkan p\u00e5 trafiken i G\u00f6teborgsomr\u00e5det. Det \u00e5terst\u00e5r mycket arbete med att r\u00f6ja undan sn\u00f6n och det \u00e4r fortfarande st\u00f6rningar i kollektivtrafiken. P\u00e5 flera av de st\u00f6rre v\u00e4garna utanf\u00f6r G\u00f6teborg r\u00e5der varningar f\u00f6r besv\u00e4rligt v\u00e4glag och halka. Undvik d\u00e4rf\u00f6r att ge dig ut i trafiken om det inte \u00e4r n\u00f6dv\u00e4ndigt. Om du \u00e4nd\u00e5 m\u00e5ste resa \u2013 r\u00e4kna med l\u00e4ngre restider och var f\u00f6rberedd p\u00e5 att du kan bli stillast\u00e5ende med bilen. Se ocks\u00e5 till att h\u00e5lla dig uppdaterad om r\u00e5dande trafiksituation och eventuella v\u00e4dervarningar.<\/p>\n<p>\u2013 Vid v\u00e4dervarningar ska man alltid \u00f6verv\u00e4ga om man verkligen beh\u00f6ver ge sig ut. Om du ger dig ut i trafiken \u00e4r det viktigt att ha bra vinterd\u00e4ck, h\u00e5lla avst\u00e5nd och anpassa hastigheten efter r\u00e5dande v\u00e4derlek. R\u00e4kna ocks\u00e5 med att restider kan bli l\u00e4ngre p\u00e5 grund av halka och d\u00e5lig sikt, s\u00e4ger Ali Hatemi som \u00e4r produktionsledare p\u00e5 Trafik G\u00f6teborg.<\/p>\n<p>Med mycket sn\u00f6 p\u00e5 v\u00e4garna \u00f6kar \u00e4ven risken f\u00f6r halka. N\u00e4r ny sn\u00f6 packas ihop blir det till ett sv\u00e5rstyrt v\u00e4gunderlag och det blir halt, s\u00e5 kallad sn\u00f6halka. \u00a0<\/p>\n<p>\u2013 N\u00e4r mycket sn\u00f6 faller under kv\u00e4llar och n\u00e4tter \u00e4r det sv\u00e5rt att hinna r\u00f6ja allt till morgontrafiken \u00e4ven om plogning p\u00e5g\u00e5r f\u00f6r fullt. Prioriteringen \u00e4r att man plogar de st\u00f6rsta v\u00e4garna f\u00f6rst. Sn\u00f6n kan d\u00f6lja en redan hal v\u00e4gbana och risken f\u00f6r singelolyckor \u00f6kar. \u00c4ven lastbilar kan f\u00e5 sv\u00e5rt att komma upp f\u00f6r backar och fastnar, menar Ali Hatemi.<\/p>\n<p>N\u00e5gra kloka r\u00e5d p\u00e5 v\u00e4gen<\/p>\n<p>H\u00e4r \u00e4r n\u00e5gra av Trafik G\u00f6teborgs v\u00e4gtrafiklednings b\u00e4sta tips innan du ger dig ut i vintertrafiken:<\/p>\n<ul>\n<li>F\u00f6lj v\u00e4derl\u00e4get via n\u00e5gon v\u00e4dertj\u00e4nst. I appen Trafiken.nu G\u00f6teborg f\u00e5r du information om v\u00e4gv\u00e4dret i V\u00e4stra G\u00f6talandsregionen.<\/li>\n<li>Uppdatera dig om trafikl\u00e4get p\u00e5 Trafiken.nu, Trafiken.nu-appen eller p\u00e5 Trafikverket hemsida f\u00f6re avresa.<\/li>\n<li>H\u00e5ll avst\u00e5nd och anpassa hastigheten efter v\u00e4glag.<\/li>\n<li>T\u00e4nk p\u00e5 att bl\u00f6ta v\u00e4gbanor kan \u00e5terfrysa.<\/li>\n<li>Lastbilar kan ha sv\u00e5rt att ta sig upp i backar som fortfarande har sn\u00f6 kvar.<\/li>\n<\/ul>\n<p>Och du \u2013 Stressa inte bakom plogbilen! Varje \u00e5r sker flera olyckor d\u00e5 bilister tr\u00e4nger sig f\u00f6rbi och uts\u00e4tter sig sj\u00e4lv och andra f\u00f6r fara. Att dessutom k\u00f6ra om i sn\u00f6r\u00f6k \u00e4r f\u00f6renat med livsfara. Ta det i st\u00e4llet lugnt. Plogbilen och halkbek\u00e4mpning finns p\u00e5 v\u00e4garna f\u00f6r att g\u00f6ra det s\u00e4krare f\u00f6r dig och dina medtrafikanter.<\/p>\n<p>Var \u00e4r plogbilen?<\/p>\n<p>Vill du veta var plogbilen \u00e4r eller n\u00e4r plogbilen kommer till din v\u00e4g, s\u00e5 finns det information p\u00e5 Trafikverkets hemsida. Du kan ocks\u00e5 l\u00e4sa mer om G\u00f6teborg Stads vinterv\u00e4gh\u00e5llning och vad som g\u00e4ller d\u00e4r du bor p\u00e5 goteborg.se.\u00a0L\u00e4nkar hittar du under\u00a0&#8221;Mer Information.&#8221;<\/p>\n","protected":false},"excerpt":{"rendered":"&#13; Publicerad: &#13; &#13; 9 januari 2026 10:41&#13; &#13; Vintertrafik \u00b7 &#13; Efter veckans sn\u00f6fall p\u00e5g\u00e5r arbetet med&hellip;\n","protected":false},"author":2,"featured_media":130442,"comment_status":"","ping_status":"","sticky":false,"template":"","format":"standard","meta":{"footnotes":""},"categories":[5],"tags":[22,23,26,27,17,21,24,25,28,29,15,16,18,34,31,33,32,30,19,20],"class_list":{"0":"post-130441","1":"post","2":"type-post","3":"status-publish","4":"format-standard","5":"has-post-thumbnail","7":"category-rubriker","8":"tag-breaking-news","9":"tag-breakingnews","10":"tag-featured-news","11":"tag-featurednews","12":"tag-headlines","13":"tag-huvudnyheter","14":"tag-latest-news","15":"tag-latestnews","16":"tag-main-news","17":"tag-mainnews","18":"tag-news","19":"tag-nyheter","20":"tag-rubriker","21":"tag-se","22":"tag-svenska","23":"tag-sverige","24":"tag-sweden","25":"tag-swedish","26":"tag-top-stories","27":"tag-topstories"},"share_on_mastodon":{"url":"https:\/\/pubeurope.com\/@se\/115864515529834145","error":""},"_links":{"self":[{"href":"https:\/\/www.europesays.com\/se\/wp-json\/wp\/v2\/posts\/130441","targetHints":{"allow":["GET"]}}],"collection":[{"href":"https:\/\/www.europesays.com\/se\/wp-json\/wp\/v2\/posts"}],"about":[{"href":"https:\/\/www.europesays.com\/se\/wp-json\/wp\/v2\/types\/post"}],"author":[{"embeddable":true,"href":"https:\/\/www.europesays.com\/se\/wp-json\/wp\/v2\/users\/2"}],"replies":[{"embeddable":true,"href":"https:\/\/www.europesays.com\/se\/wp-json\/wp\/v2\/comments?post=130441"}],"version-history":[{"count":0,"href":"https:\/\/www.europesays.com\/se\/wp-json\/wp\/v2\/posts\/130441\/revisions"}],"wp:featuredmedia":[{"embeddable":true,"href":"https:\/\/www.europesays.com\/se\/wp-json\/wp\/v2\/media\/130442"}],"wp:attachment":[{"href":"https:\/\/www.europesays.com\/se\/wp-json\/wp\/v2\/media?parent=130441"}],"wp:term":[{"taxonomy":"category","embeddable":true,"href":"https:\/\/www.europesays.com\/se\/wp-json\/wp\/v2\/categories?post=130441"},{"taxonomy":"post_tag","embeddable":true,"href":"https:\/\/www.europesays.com\/se\/wp-json\/wp\/v2\/tags?post=130441"}],"curies":[{"name":"wp","href":"https:\/\/api.w.org\/{rel}","templated":true}]}}