{"id":130450,"date":"2026-01-09T09:58:26","date_gmt":"2026-01-09T09:58:26","guid":{"rendered":"https:\/\/www.europesays.com\/se\/130450\/"},"modified":"2026-01-09T09:58:26","modified_gmt":"2026-01-09T09:58:26","slug":"bosse-andersson-darfor-skiljer-sig-olunga-affaren-fran-priske","status":"publish","type":"post","link":"https:\/\/www.europesays.com\/se\/130450\/","title":{"rendered":"Bosse Andersson: D\u00e4rf\u00f6r skiljer sig Olunga-aff\u00e4ren fr\u00e5n Priske"},"content":{"rendered":"<p><strong>STOCKHOLM. F\u00f6r nio \u00e5r sedan v\u00e4ntade Bosse Andersson p\u00e5 r\u00e4tt bud p\u00e5 sin stekheta anfallare Michael Olunga.<br \/>Kenyanen s\u00e5ldes under vintern till Kina f\u00f6r rekordpengar.<br \/>Nu \u00e4r sportchefen i ett liknande l\u00e4ge med allsvenska skyttekungen August Priske\u2026 eller?<br \/>\u2013\u00a0Med Olunga var det ganska klart vilken marknad det var som g\u00e4llde, med August \u00e4r det annorlunda men jag \u00e4r ganska \u00f6vertygad om att vi kommer f\u00e5 f\u00f6rfr\u00e5gningar p\u00e5 honom under slutet av det h\u00e4r transferf\u00f6nstret, s\u00e4ger Andersson till FD.<\/strong><\/p>\n<p><img loading=\"lazy\" decoding=\"async\" width=\"1024\" height=\"576\" src=\"https:\/\/www.europesays.com\/se\/wp-content\/uploads\/2026\/01\/olunga-1024x576.jpg\" alt=\"\" class=\"wp-image-356809\"  \/>Foto: Bildbyr\u00e5n <\/p>\n<p>Han gjorde inte ett enda m\u00e5l i <a href=\"https:\/\/fotbolldirekt.se\/klubb\/djurgardens-if\/\" rel=\"nofollow noopener\" target=\"_blank\">Djurg\u00e5rden<\/a> fram till 8 augusti 2016.<\/p>\n<p>D\u00e4refter exploderade <a href=\"https:\/\/fotbolldirekt.se\/spelare\/michael-olunga\/\" rel=\"nofollow noopener\" target=\"_blank\">Michael Olunga <\/a>och smackade totalt in tolv fulltr\u00e4ffar fram till s\u00e4songsslutet.<\/p>\n<p>Succ\u00e9n gjorde kenyanen stekhet p\u00e5 marknaden och under vinterf\u00f6nstret s\u00e5ldes han till kinesiska Guizhou\u00a0i en p\u00e5 den tiden ny rekordaff\u00e4r f\u00f6r Djurg\u00e5rden. <\/p>\n<p>Olunga inledde f\u00f6rs\u00e4songen med Djurg\u00e5rden men egentligen visste alla vad som skulle h\u00e4nda. Anfallaren skulle s\u00e4ljas.<\/p>\n<p>Nu, nio \u00e5r senare, befinner sig sportchef Bosse Andersson i ett liknande l\u00e4ge med <a href=\"https:\/\/fotbolldirekt.se\/spelare\/august-priske\/\" rel=\"nofollow noopener\" target=\"_blank\">August Priske<\/a>. Dansken som under f\u00f6rsta halvan av allsvenskan i fjol var iskall exploderade efter sommaruppeh\u00e5llet och n\u00e4r serien v\u00e4l var \u00f6ver hade Priske vunnit skytteligan med sina 18 fulltr\u00e4ffar.<\/p>\n<p>S\u00e5 sent som under m\u00e5ndagen rapporterades turkiska bj\u00e4ssen Besiktas visa intresse f\u00f6r Djurg\u00e5rdens succ\u00e9man och Bosse Andersson medger att det \u00e4r hett p\u00e5 m\u00e5nga h\u00e5ll kring 21-\u00e5ringen.<\/p>\n","protected":false},"excerpt":{"rendered":"STOCKHOLM. F\u00f6r nio \u00e5r sedan v\u00e4ntade Bosse Andersson p\u00e5 r\u00e4tt bud p\u00e5 sin stekheta anfallare Michael Olunga.Kenyanen s\u00e5ldes&hellip;\n","protected":false},"author":2,"featured_media":130451,"comment_status":"","ping_status":"","sticky":false,"template":"","format":"standard","meta":{"footnotes":""},"categories":[68],"tags":[947,103,34,111,110,31,33,32,30],"class_list":{"0":"post-130450","1":"post","2":"type-post","3":"status-publish","4":"format-standard","5":"has-post-thumbnail","7":"category-sport","8":"tag-paket-blocket","9":"tag-premium","10":"tag-se","11":"tag-sport","12":"tag-sports","13":"tag-svenska","14":"tag-sverige","15":"tag-sweden","16":"tag-swedish"},"share_on_mastodon":{"url":"https:\/\/pubeurope.com\/@se\/115864554868160036","error":""},"_links":{"self":[{"href":"https:\/\/www.europesays.com\/se\/wp-json\/wp\/v2\/posts\/130450","targetHints":{"allow":["GET"]}}],"collection":[{"href":"https:\/\/www.europesays.com\/se\/wp-json\/wp\/v2\/posts"}],"about":[{"href":"https:\/\/www.europesays.com\/se\/wp-json\/wp\/v2\/types\/post"}],"author":[{"embeddable":true,"href":"https:\/\/www.europesays.com\/se\/wp-json\/wp\/v2\/users\/2"}],"replies":[{"embeddable":true,"href":"https:\/\/www.europesays.com\/se\/wp-json\/wp\/v2\/comments?post=130450"}],"version-history":[{"count":0,"href":"https:\/\/www.europesays.com\/se\/wp-json\/wp\/v2\/posts\/130450\/revisions"}],"wp:featuredmedia":[{"embeddable":true,"href":"https:\/\/www.europesays.com\/se\/wp-json\/wp\/v2\/media\/130451"}],"wp:attachment":[{"href":"https:\/\/www.europesays.com\/se\/wp-json\/wp\/v2\/media?parent=130450"}],"wp:term":[{"taxonomy":"category","embeddable":true,"href":"https:\/\/www.europesays.com\/se\/wp-json\/wp\/v2\/categories?post=130450"},{"taxonomy":"post_tag","embeddable":true,"href":"https:\/\/www.europesays.com\/se\/wp-json\/wp\/v2\/tags?post=130450"}],"curies":[{"name":"wp","href":"https:\/\/api.w.org\/{rel}","templated":true}]}}