{"id":130453,"date":"2026-01-09T10:05:06","date_gmt":"2026-01-09T10:05:06","guid":{"rendered":"https:\/\/www.europesays.com\/se\/130453\/"},"modified":"2026-01-09T10:05:06","modified_gmt":"2026-01-09T10:05:06","slug":"regeringen-starker-arbetet-for-interoperabilitet-inom-halsodataomradet","status":"publish","type":"post","link":"https:\/\/www.europesays.com\/se\/130453\/","title":{"rendered":"Regeringen st\u00e4rker arbetet f\u00f6r interoperabilitet inom h\u00e4lsodataomr\u00e5det"},"content":{"rendered":"<p>&#13;<br \/>\nSocialstyrelsen f\u00e5r i uppdrag att f\u00f6ra \u00f6ver vissa arbetsuppgifter och E-h\u00e4lsomyndigheten f\u00e5r i uppdrag att ta \u00f6ver motsvarande arbetsuppgifter fr\u00e5n Socialstyrelsen. Syftet \u00e4r att skapa en tydligare styrning f\u00f6r att fr\u00e4mja datadelning inom v\u00e5rd och omsorg. Beslutet \u00e4r en del av arbetet med att genomf\u00f6ra Tid\u00f6avtalets satsning p\u00e5 en nationell digital infrastruktur inom v\u00e5rden. <\/p>\n<p>\u2013 En gemensam digital infrastruktur \u00e4r avg\u00f6rande f\u00f6r att v\u00e5rdpersonal ska ha tillg\u00e5ng till de uppgifter som beh\u00f6vs f\u00f6r att ge b\u00e4sta m\u00f6jliga v\u00e5rd och f\u00f6r att patienten kunna k\u00e4nna sig trygg. Detta beslut \u00e4r ett viktigt steg mot en mer effektiv och s\u00e4ker hantering av h\u00e4lsodata, s\u00e4ger socialminister Jakob Forssmed.<\/p>\n<p>Regeringen vill skapa en tydligare ansvarsf\u00f6rdelning p\u00e5 omr\u00e5det. Regeringen beslutar d\u00e4rf\u00f6r att ge Socialstyrelsen i uppdrag att f\u00f6ra \u00f6ver vissa uppgifter till E-h\u00e4lsomyndigheten. E-h\u00e4lsomyndigheten f\u00e5r samtidigt ett uppdrag att f\u00f6rbereda f\u00f6r att inordna motsvarande uppgifter i sin verksamhet. De uppgifter som omfattas \u00e4r att skapa och tillhandah\u00e5lla terminologier, klassifikationer och en \u00e4ndam\u00e5lsenlig informationsstruktur inom h\u00e4lso- och sjukv\u00e5rd, tandv\u00e5rd, socialtj\u00e4nst och verksamhet enligt LSS.<\/p>\n<p>Myndigheterna ska utf\u00f6ra uppdraget i n\u00e4ra dialog med varandra och andra ber\u00f6rda myndigheter.\u00a0<\/p>\n<p>L\u00e5ngsiktigt arbete med en nationell digital infrastruktur<\/p>\n<p>Beslutet \u00e4r del av regeringens arbete med att ta fram en nationell digital infrastruktur f\u00f6r h\u00e4lso- och sjukv\u00e5rden. M\u00e5let med den nationella digitala infrastrukturen \u00e4r att patienters h\u00e4lsodata ska bli tillg\u00e4ngliga i hela v\u00e5rdkedjan f\u00f6r all v\u00e5rd, s\u00e5v\u00e4l kommunal som regional, och f\u00f6r tandv\u00e5rd. Infrastrukturen ska leda till f\u00f6rb\u00e4ttring av kvaliteten i v\u00e5rden och patients\u00e4kerheten genom att s\u00e4kerst\u00e4lla att r\u00e4tt information om patienten finns tillg\u00e4nglig i varje v\u00e5rdsituation. Den ska \u00e4ven p\u00e5 sikt minska den administrativa b\u00f6rdan f\u00f6r h\u00e4lso- och sjukv\u00e5rdens medarbetare genom till exempel automatisk \u00f6verf\u00f6ring mellan system.<\/p>\n<p>Infrastrukturen ska ocks\u00e5 underl\u00e4tta informationsf\u00f6rs\u00f6rjningen av h\u00e4lsodata f\u00f6r forskning, utveckling, uppf\u00f6ljning, beslutsfattande och innovation som kan f\u00f6rb\u00e4ttra v\u00e5rd och h\u00e4lsa samt st\u00e4rka Sveriges konkurrenskraft.<\/p>\n","protected":false},"excerpt":{"rendered":"&#13; Socialstyrelsen f\u00e5r i uppdrag att f\u00f6ra \u00f6ver vissa arbetsuppgifter och E-h\u00e4lsomyndigheten f\u00e5r i uppdrag att ta \u00f6ver&hellip;\n","protected":false},"author":2,"featured_media":67452,"comment_status":"","ping_status":"","sticky":false,"template":"","format":"standard","meta":{"footnotes":""},"categories":[12],"tags":[22,23,26,27,17,21,24,25,28,29,15,16,18,34,31,33,32,30,19,20],"class_list":{"0":"post-130453","1":"post","2":"type-post","3":"status-publish","4":"format-standard","5":"has-post-thumbnail","7":"category-sverige","8":"tag-breaking-news","9":"tag-breakingnews","10":"tag-featured-news","11":"tag-featurednews","12":"tag-headlines","13":"tag-huvudnyheter","14":"tag-latest-news","15":"tag-latestnews","16":"tag-main-news","17":"tag-mainnews","18":"tag-news","19":"tag-nyheter","20":"tag-rubriker","21":"tag-se","22":"tag-svenska","23":"tag-sverige","24":"tag-sweden","25":"tag-swedish","26":"tag-top-stories","27":"tag-topstories"},"share_on_mastodon":{"url":"https:\/\/pubeurope.com\/@se\/115864582375547368","error":""},"_links":{"self":[{"href":"https:\/\/www.europesays.com\/se\/wp-json\/wp\/v2\/posts\/130453","targetHints":{"allow":["GET"]}}],"collection":[{"href":"https:\/\/www.europesays.com\/se\/wp-json\/wp\/v2\/posts"}],"about":[{"href":"https:\/\/www.europesays.com\/se\/wp-json\/wp\/v2\/types\/post"}],"author":[{"embeddable":true,"href":"https:\/\/www.europesays.com\/se\/wp-json\/wp\/v2\/users\/2"}],"replies":[{"embeddable":true,"href":"https:\/\/www.europesays.com\/se\/wp-json\/wp\/v2\/comments?post=130453"}],"version-history":[{"count":0,"href":"https:\/\/www.europesays.com\/se\/wp-json\/wp\/v2\/posts\/130453\/revisions"}],"wp:featuredmedia":[{"embeddable":true,"href":"https:\/\/www.europesays.com\/se\/wp-json\/wp\/v2\/media\/67452"}],"wp:attachment":[{"href":"https:\/\/www.europesays.com\/se\/wp-json\/wp\/v2\/media?parent=130453"}],"wp:term":[{"taxonomy":"category","embeddable":true,"href":"https:\/\/www.europesays.com\/se\/wp-json\/wp\/v2\/categories?post=130453"},{"taxonomy":"post_tag","embeddable":true,"href":"https:\/\/www.europesays.com\/se\/wp-json\/wp\/v2\/tags?post=130453"}],"curies":[{"name":"wp","href":"https:\/\/api.w.org\/{rel}","templated":true}]}}