{"id":130456,"date":"2026-01-09T10:11:08","date_gmt":"2026-01-09T10:11:08","guid":{"rendered":"https:\/\/www.europesays.com\/se\/130456\/"},"modified":"2026-01-09T10:11:08","modified_gmt":"2026-01-09T10:11:08","slug":"ingen-avsattning-for-finansiella-risker-2025","status":"publish","type":"post","link":"https:\/\/www.europesays.com\/se\/130456\/","title":{"rendered":"Ingen avs\u00e4ttning f\u00f6r finansiella risker 2025"},"content":{"rendered":"<p>&#13;<br \/>\n\t\t\t\t\t\tNyhet&#13;<br \/>\n\t\t\t\t\tF\u00f6r r\u00e4kenskaps\u00e5ret 2025 bed\u00f6ms Riksbanken g\u00f6ra en vinst p\u00e5 cirka 5,3 miljarder kronor. Eftersom Riksbankens eget kapital \u00e4r l\u00e5gt i f\u00f6rh\u00e5llande till m\u00e5lniv\u00e5n enligt riksbankslagen (23 j\u00e4mf\u00f6rt med 64 miljarder kronor) b\u00f6r vinstmedlen forts\u00e4tta att bygga upp det egna kapitalet. Riksbanken har d\u00e4rf\u00f6r beslutat att inte g\u00f6ra n\u00e5gon finansiell riskavs\u00e4ttning f\u00f6r 2025.&#13;\n\t\t\t\t<\/p>\n<p>Riksbankens eget kapital \u00e4r idag l\u00e5gt i f\u00f6rh\u00e5llande till m\u00e5lniv\u00e5n enligt riksbankslagen och d\u00e4rf\u00f6r finns ett behov av att \u00f6ka balansr\u00e4kningens motst\u00e5ndskraft. Eget kapital utg\u00f6r Riksbankens prim\u00e4ra riskbuffert eftersom det kan absorbera alla risker och f\u00f6rluster till skillnad fr\u00e5n en riskavs\u00e4ttning som \u00e4r begr\u00e4nsad till s\u00e4rskilda risker eller f\u00f6rluster. Att l\u00e5ta vinsten p\u00e5 5,3 miljarder kronor g\u00e5 till det egna kapitalet bed\u00f6ms d\u00e4rf\u00f6r som mest l\u00e4mpligt f\u00f6r att \u00f6ka balansr\u00e4kningens motst\u00e5ndskraft i nul\u00e4get.<\/p>\n<p>Sammantaget g\u00f6rs inga finansiella avs\u00e4ttningar f\u00f6r r\u00e4kenskaps\u00e5ret 2025. Eftersom det inte finns n\u00e5gra avsatta medel sedan tidigare kan inga \u00e5terf\u00f6ringar g\u00f6ras och d\u00e4rmed \u00e4r de redovisade avs\u00e4ttningarna f\u00f6r 2025 of\u00f6r\u00e4ndrade i j\u00e4mf\u00f6relse med r\u00e4kenskaps\u00e5ret 2024.<\/p>\n<p>&#13;<br \/>\n\t\t\tKontakt: Presstj\u00e4nsten 08-787 02 00&#13;\n\t\t<\/p>\n<p>&#13;<br \/>\n\t\tUppdaterad 2026-01-09&#13;\n\t<\/p>\n","protected":false},"excerpt":{"rendered":"&#13; Nyhet&#13; F\u00f6r r\u00e4kenskaps\u00e5ret 2025 bed\u00f6ms Riksbanken g\u00f6ra en vinst p\u00e5 cirka 5,3 miljarder kronor. Eftersom Riksbankens eget&hellip;\n","protected":false},"author":2,"featured_media":38864,"comment_status":"","ping_status":"","sticky":false,"template":"","format":"standard","meta":{"footnotes":""},"categories":[65],"tags":[72,70,71,34,31,33,32,30],"class_list":{"0":"post-130456","1":"post","2":"type-post","3":"status-publish","4":"format-standard","5":"has-post-thumbnail","7":"category-ekonomi","8":"tag-business","9":"tag-economy","10":"tag-ekonomi","11":"tag-se","12":"tag-svenska","13":"tag-sverige","14":"tag-sweden","15":"tag-swedish"},"share_on_mastodon":{"url":"https:\/\/pubeurope.com\/@se\/115864605972001345","error":""},"_links":{"self":[{"href":"https:\/\/www.europesays.com\/se\/wp-json\/wp\/v2\/posts\/130456","targetHints":{"allow":["GET"]}}],"collection":[{"href":"https:\/\/www.europesays.com\/se\/wp-json\/wp\/v2\/posts"}],"about":[{"href":"https:\/\/www.europesays.com\/se\/wp-json\/wp\/v2\/types\/post"}],"author":[{"embeddable":true,"href":"https:\/\/www.europesays.com\/se\/wp-json\/wp\/v2\/users\/2"}],"replies":[{"embeddable":true,"href":"https:\/\/www.europesays.com\/se\/wp-json\/wp\/v2\/comments?post=130456"}],"version-history":[{"count":0,"href":"https:\/\/www.europesays.com\/se\/wp-json\/wp\/v2\/posts\/130456\/revisions"}],"wp:featuredmedia":[{"embeddable":true,"href":"https:\/\/www.europesays.com\/se\/wp-json\/wp\/v2\/media\/38864"}],"wp:attachment":[{"href":"https:\/\/www.europesays.com\/se\/wp-json\/wp\/v2\/media?parent=130456"}],"wp:term":[{"taxonomy":"category","embeddable":true,"href":"https:\/\/www.europesays.com\/se\/wp-json\/wp\/v2\/categories?post=130456"},{"taxonomy":"post_tag","embeddable":true,"href":"https:\/\/www.europesays.com\/se\/wp-json\/wp\/v2\/tags?post=130456"}],"curies":[{"name":"wp","href":"https:\/\/api.w.org\/{rel}","templated":true}]}}