{"id":130457,"date":"2026-01-09T10:13:12","date_gmt":"2026-01-09T10:13:12","guid":{"rendered":"https:\/\/www.europesays.com\/se\/130457\/"},"modified":"2026-01-09T10:13:12","modified_gmt":"2026-01-09T10:13:12","slug":"de-flesta-tror-att-klimatforandringar-framfor-allt-drabbar-andra","status":"publish","type":"post","link":"https:\/\/www.europesays.com\/se\/130457\/","title":{"rendered":"De flesta tror att klimatf\u00f6r\u00e4ndringar framf\u00f6r allt drabbar andra"},"content":{"rendered":"<p>M\u00e4nniskor skattar sin egen risk att drabbas av klimatf\u00f6r\u00e4ndringar som l\u00e4gre j\u00e4mf\u00f6rt med andra, visar en studie. Detta kan negativt p\u00e5verka viljan att agera och bromsa n\u00f6dv\u00e4ndiga klimat\u00e5tg\u00e4rder.<\/p>\n<p>Forskare vid G\u00f6teborgs universitet har analyserat 83 studier, med drygt 70 000 deltagare fr\u00e5n 17 l\u00e4nder, som handlar om hur m\u00e4nniskor tror att klimatf\u00f6r\u00e4ndringar kan drabba dem. Resultatet visar att klimatrelaterade risker underskattas och upplevs vara mer sannolika f\u00f6r n\u00e5gon annan j\u00e4mf\u00f6rt med en sj\u00e4lv, 65 procent av deltagarna bed\u00f6mde sin egen risk att drabbas av klimatf\u00f6r\u00e4ndringar som l\u00e4gre \u00e4n andras.<\/p>\n<p>\u2013 Studierna som vi sammanst\u00e4llt m\u00e4ter inte m\u00e4nniskors faktiska risk. Vi kan inte uttala oss om enskilda personers riskbed\u00f6mningar \u00e4r \u00f6veroptimistiska men p\u00e5 gruppniv\u00e5 ser vi att majoriteten bed\u00f6mer sin egen risk som l\u00e4gre \u00e4n andras, s\u00e4ger Magnus Bergquist, universitetslektor i psykologi vid G\u00f6teborgs universitet, i ett pressmeddelande.<\/p>\n<p>En central fr\u00e5ga som forskarna st\u00e4llde i studien var vem\u00a0m\u00e4nniskor j\u00e4mf\u00f6r sig med. Resultaten visar att det spelar stor roll vem man j\u00e4mf\u00f6r sig med och att bed\u00f6mningar \u00e4r som mest skeva n\u00e4r m\u00e4nniskor j\u00e4mf\u00f6r sig med \u201dgenerella andra\u201d, som landsm\u00e4n eller m\u00e4nskligheten i stort, samt inom l\u00e4nder med l\u00e4gre risk.<\/p>\n<p>Forskarna s\u00e5g effekten i Europa, USA och Asien, men avvikelsen var st\u00f6rst bland europ\u00e9er.<\/p>\n<p><strong>Erfarenhet gav en mer realistisk bild<\/strong><\/p>\n<p>81 av 83 studier i sammanst\u00e4llningen visade att deltagarna bed\u00f6mer sin egen risk som l\u00e4gre \u00e4n andras eller medelv\u00e4rdet, b\u00e5de f\u00f6r extremv\u00e4der och mer generella klimatrelaterade risker.\u00a0Men det fanns tv\u00e5 studier d\u00e4r undantag syntes.<\/p>\n<p>\u2013 Vi fann effekten i alla studier utom tv\u00e5, d\u00e4r deltagarna var b\u00f6nder i Kina och Sydkorea som varit direkt utsatta f\u00f6r klimatf\u00f6r\u00e4ndringarnas konsekvenser. Detta tyder p\u00e5 att erfarenhet minskar effekten, s\u00e4ger P\u00e4r Bj\u00e4lkebring, universitetslektor i psykologi vid G\u00f6teborgs universitet.<\/p>\n<p><strong>Felaktig riskbed\u00f6mning f\u00f6rsenar klimat\u00e5tg\u00e4rder<\/strong><\/p>\n<p>Resultaten fr\u00e5n studien pekar p\u00e5 att v\u00e5r f\u00f6rst\u00e5else f\u00f6r hur klimatf\u00f6r\u00e4ndringarna kan drabba oss tyv\u00e4rr \u00e4r begr\u00e4nsad och bristf\u00e4llig, vilket kan f\u00f6rsena n\u00f6dv\u00e4ndiga \u00e5tg\u00e4rder.<\/p>\n<p>\u2013\u00a0\u00c4ven om m\u00e4nniskor inser de faktiska risker som klimatf\u00f6r\u00e4ndringar medf\u00f6r, verkar m\u00e5nga uppleva att riskerna i f\u00f6rsta hand r\u00f6r n\u00e5gon annan. Det \u00e4r en psykologisk snedvridning som i v\u00e4rsta fall kan bromsa b\u00e5de klimatanpassning och klimat\u00e5tg\u00e4rder, s\u00e4ger Magnus Bergquist.<\/p>\n<p>Vetenskaplig artikel:<\/p>\n<p><a href=\"https:\/\/doi.org\/10.1038\/s41893-025-01717-3\" rel=\"nofollow noopener\" target=\"_blank\">Meta-analytical Evidence of a Self-Other Discrepancy in Climate Change-related Risk Perceptions<\/a>, Nature Sustainability.<\/p>\n","protected":false},"excerpt":{"rendered":"M\u00e4nniskor skattar sin egen risk att drabbas av klimatf\u00f6r\u00e4ndringar som l\u00e4gre j\u00e4mf\u00f6rt med andra, visar en studie. Detta&hellip;\n","protected":false},"author":2,"featured_media":130458,"comment_status":"","ping_status":"","sticky":false,"template":"","format":"standard","meta":{"footnotes":""},"categories":[12],"tags":[22,23,26,27,17,21,24,25,28,29,15,505,16,18,34,31,33,32,30,19,20],"class_list":{"0":"post-130457","1":"post","2":"type-post","3":"status-publish","4":"format-standard","5":"has-post-thumbnail","7":"category-sverige","8":"tag-breaking-news","9":"tag-breakingnews","10":"tag-featured-news","11":"tag-featurednews","12":"tag-headlines","13":"tag-huvudnyheter","14":"tag-latest-news","15":"tag-latestnews","16":"tag-main-news","17":"tag-mainnews","18":"tag-news","19":"tag-nyhet","20":"tag-nyheter","21":"tag-rubriker","22":"tag-se","23":"tag-svenska","24":"tag-sverige","25":"tag-sweden","26":"tag-swedish","27":"tag-top-stories","28":"tag-topstories"},"share_on_mastodon":{"url":"https:\/\/pubeurope.com\/@se\/115864614009834361","error":""},"_links":{"self":[{"href":"https:\/\/www.europesays.com\/se\/wp-json\/wp\/v2\/posts\/130457","targetHints":{"allow":["GET"]}}],"collection":[{"href":"https:\/\/www.europesays.com\/se\/wp-json\/wp\/v2\/posts"}],"about":[{"href":"https:\/\/www.europesays.com\/se\/wp-json\/wp\/v2\/types\/post"}],"author":[{"embeddable":true,"href":"https:\/\/www.europesays.com\/se\/wp-json\/wp\/v2\/users\/2"}],"replies":[{"embeddable":true,"href":"https:\/\/www.europesays.com\/se\/wp-json\/wp\/v2\/comments?post=130457"}],"version-history":[{"count":0,"href":"https:\/\/www.europesays.com\/se\/wp-json\/wp\/v2\/posts\/130457\/revisions"}],"wp:featuredmedia":[{"embeddable":true,"href":"https:\/\/www.europesays.com\/se\/wp-json\/wp\/v2\/media\/130458"}],"wp:attachment":[{"href":"https:\/\/www.europesays.com\/se\/wp-json\/wp\/v2\/media?parent=130457"}],"wp:term":[{"taxonomy":"category","embeddable":true,"href":"https:\/\/www.europesays.com\/se\/wp-json\/wp\/v2\/categories?post=130457"},{"taxonomy":"post_tag","embeddable":true,"href":"https:\/\/www.europesays.com\/se\/wp-json\/wp\/v2\/tags?post=130457"}],"curies":[{"name":"wp","href":"https:\/\/api.w.org\/{rel}","templated":true}]}}