{"id":130465,"date":"2026-01-09T10:18:08","date_gmt":"2026-01-09T10:18:08","guid":{"rendered":"https:\/\/www.europesays.com\/se\/130465\/"},"modified":"2026-01-09T10:18:08","modified_gmt":"2026-01-09T10:18:08","slug":"msi-visar-upp-nya-laptops-och-gamingprodukter-pa-ces-2026","status":"publish","type":"post","link":"https:\/\/www.europesays.com\/se\/130465\/","title":{"rendered":"MSI visar upp nya laptops och gamingprodukter p\u00e5 CES 2026"},"content":{"rendered":"<p class=\"p1\"><strong>MSI<\/strong> har haft fullt upp p\u00e5 <strong>CES 2026<\/strong> i Las Vegas och visat upp en rad nya laptops och gamingprylar. H\u00f6gsta fokus ligger p\u00e5 den helt nya <strong>Prestige-serien<\/strong>, som riktar sig till f\u00f6retag och kreat\u00f6rer, samt uppdaterade versioner av deras popul\u00e4ra gaminglaptops: <strong>Raider, Stealth och Crosshair<\/strong>.<\/p>\n<p>Prestige och stil m\u00f6ter kraft<\/p>\n<p class=\"p1\">Prestige-serien \u00e4r designad f\u00f6r proffs som vill ha b\u00e5de prestanda och stil. Laptopsen \u00e4r tunnare, l\u00e4ttare och har rundare former \u00e4n tidigare generationer, med aluminiumchassi som ger en premiumk\u00e4nsla. De nya modellerna, Prestige 14 och 16, drivs av Intel Core Ultra Series 3-processorer och har AI-funktioner, l\u00e5ng batteritid och Intel Arc-grafik som klarar b\u00e5de arbete och enklare spel. Prestige Flip-modellerna har dessutom peksk\u00e4rm och st\u00f6d f\u00f6r stylus via MSI Nano Pen.<\/p>\n<p>Gaminglaptops i toppklass<\/p>\n<p class=\"p1\">MSI uppdaterar \u00e4ven sina gaminglaptops med nya chassin, b\u00e4ttre kylsystem och f\u00f6rb\u00e4ttrad anslutning.<\/p>\n<ul>\n<li class=\"p1\">Raider 16 Max HX: Extrem prestanda med upp till 300W total systemkraft och ett avancerat kylsystem.<\/li>\n<li class=\"p1\">Stealth 16 AI+: Tunn, l\u00e4tt och prisbel\u00f6nt p\u00e5 CES, med fokus p\u00e5 balans mellan kraft och portabilitet.<\/li>\n<li class=\"p1\">Crosshair 16 HX: St\u00f6rre kraft med ny I\/O-layout och RGB-tangentbord i 24 zoner.<\/li>\n<\/ul>\n<p class=\"p1\">F\u00f6r de som gillar handh\u00e5llna gamingprylar finns <strong>Claw 8 AI+ Glacier Blue Edition<\/strong>, en specialversion med isig bl\u00e5 design, utan att kompromissa p\u00e5 prestandan.<\/p>\n<p><img alt=\"\" loading=\"lazy\" width=\"1024\" height=\"512\" decoding=\"async\" data-nimg=\"1\" style=\"color:transparent\"  src=\"https:\/\/www.europesays.com\/se\/wp-content\/uploads\/2026\/01\/1767953888_987_.png\"\/><\/p>\n<p id=\"caption-attachment-221299\" class=\"wp-caption-text\">Claw 8 AI+ Glacier Blue och Void Purple Edition<\/p>\n<p class=\"p1\">Alla nya produkter har f\u00e5tt ett modernare utseende, fler anpassningsm\u00f6jligheter och b\u00e4ttre kylsystem, samtidigt som MSI beh\u00e5llit portabilitet och anv\u00e4ndarv\u00e4nlighet i fokus.<\/p>\n","protected":false},"excerpt":{"rendered":"MSI har haft fullt upp p\u00e5 CES 2026 i Las Vegas och visat upp en rad nya laptops&hellip;\n","protected":false},"author":2,"featured_media":130466,"comment_status":"","ping_status":"","sticky":false,"template":"","format":"standard","meta":{"footnotes":""},"categories":[66],"tags":[9163,7710,80,78,79,34,31,33,32,30,81,84,83,82],"class_list":{"0":"post-130465","1":"post","2":"type-post","3":"status-publish","4":"format-standard","5":"has-post-thumbnail","7":"category-vetenskap-och-teknik","8":"tag-ces-2026","9":"tag-msi","10":"tag-science","11":"tag-science-and-technology","12":"tag-scienceandtechnology","13":"tag-se","14":"tag-svenska","15":"tag-sverige","16":"tag-sweden","17":"tag-swedish","18":"tag-technology","19":"tag-teknik","20":"tag-vetenskap","21":"tag-vetenskapteknik"},"share_on_mastodon":{"url":"https:\/\/pubeurope.com\/@se\/115864633557840310","error":""},"_links":{"self":[{"href":"https:\/\/www.europesays.com\/se\/wp-json\/wp\/v2\/posts\/130465","targetHints":{"allow":["GET"]}}],"collection":[{"href":"https:\/\/www.europesays.com\/se\/wp-json\/wp\/v2\/posts"}],"about":[{"href":"https:\/\/www.europesays.com\/se\/wp-json\/wp\/v2\/types\/post"}],"author":[{"embeddable":true,"href":"https:\/\/www.europesays.com\/se\/wp-json\/wp\/v2\/users\/2"}],"replies":[{"embeddable":true,"href":"https:\/\/www.europesays.com\/se\/wp-json\/wp\/v2\/comments?post=130465"}],"version-history":[{"count":0,"href":"https:\/\/www.europesays.com\/se\/wp-json\/wp\/v2\/posts\/130465\/revisions"}],"wp:featuredmedia":[{"embeddable":true,"href":"https:\/\/www.europesays.com\/se\/wp-json\/wp\/v2\/media\/130466"}],"wp:attachment":[{"href":"https:\/\/www.europesays.com\/se\/wp-json\/wp\/v2\/media?parent=130465"}],"wp:term":[{"taxonomy":"category","embeddable":true,"href":"https:\/\/www.europesays.com\/se\/wp-json\/wp\/v2\/categories?post=130465"},{"taxonomy":"post_tag","embeddable":true,"href":"https:\/\/www.europesays.com\/se\/wp-json\/wp\/v2\/tags?post=130465"}],"curies":[{"name":"wp","href":"https:\/\/api.w.org\/{rel}","templated":true}]}}