{"id":130467,"date":"2026-01-09T10:19:07","date_gmt":"2026-01-09T10:19:07","guid":{"rendered":"https:\/\/www.europesays.com\/se\/130467\/"},"modified":"2026-01-09T10:19:07","modified_gmt":"2026-01-09T10:19:07","slug":"808-hk-ny-herrejossesmotor-fran-mercury","status":"publish","type":"post","link":"https:\/\/www.europesays.com\/se\/130467\/","title":{"rendered":"808 hk! \u2013 ny herrej\u00f6ssesmotor fr\u00e5n Mercury?"},"content":{"rendered":"<p class=\"is-style-preamble\">Fel! Den Mercury 808 hk som visades upp p\u00e5 Consumer Electronics Show (CES) i Las Vegas var inget mer \u00e4n ett tomt skal och ett slugt s\u00e4tt att dra blickarna till sig.<\/p>\n<p>    <img alt=\"Mercury V12 808 hp (AI-genererad)\" id=\"189534\" data-fy=\"0.54129625108507\" data-fx=\"0.69\" fetchpriority=\"high\" loading=\"eager\" width=\"1920\" height=\"1080\" decoding=\"async\" data-nimg=\"1\" style=\"color:transparent\"   src=\"https:\/\/www.europesays.com\/se\/wp-content\/uploads\/2026\/01\/Mercury-V12-808-hp-AI-genererad.jpg\"\/><br \/>\n      Bilden ovan visar en ai-genererad variant av Mercurys prototyp till en utombordare med 808 hk. Skalet visades upp p\u00e5 Consumer Electronics Show (CES) i Las Vegas och enligt reportrar p\u00e5 plats s\u00e5g den precis ut som Mercurys V12 med 600 hk \u2013 men med siffrorna 808 p\u00e5 k\u00e5pan. Mercury har \u00e4nnu inte g\u00e5tt ut med n\u00e5got eget bildmaterial.<\/p>\n<p>Motorn \u2013 eller r\u00e4ttare sagt en konceptmodell av en utombordare m\u00e4rkt med siffran 808 \u2013 visades upp av Mercury Marine och blev snabbt och, helt enligt marknadsavdelningens plan, ett av m\u00e4ssans mest omskrivna objekt i den marina delen av utst\u00e4llningen.<\/p>\n<p>Mest bara en vision<\/p>\n<p>Bakom fasaden \u2013 eller snarare \u2013 under huven p\u00e5 denna monstermotor d\u00f6ljer sig dock inte s\u00e5 mycket som en enda h\u00e4stkraft. Lurendrejeri? Nja. Eller nej. Snarare r\u00f6r det sig om en s\u00e5 kallad en mockup av ett 808-h\u00e4stars motor\u00adkoncept framtaget f\u00f6r att visa vart utvecklingen kan vara p\u00e5 v\u00e4g, snarare \u00e4n att presentera en f\u00e4rdig produkt.<\/p>\n<p>Att CES \u2013 en teknikm\u00e4ssa snarare \u00e4n en b\u00e5tm\u00e4ssa \u2013 valdes som scen \u00e4r ingen slump. Enligt uppgifter som \u00e5tergivits av Milwaukee Business Journal och andra aff\u00e4rsmedier ville Mercury Marine signalera hur avancerad marin teknik allt tydligare kliver in i samma innovationsrum som bilindustrin och konsumentelektroniken, med Las Vegas som globalt skyltf\u00f6nster.<\/p>\n<p>Vill visa musklerna<\/p>\n<p>Viktigt \u00e4r dock vad Mercury 808 inte \u00e4r. Inga lanseringsdatum har presenterats. Inga specifikationer har bekr\u00e4ftats bortom den uppseendev\u00e4ckande siffran p\u00e5 k\u00e5pan. Och inga l\u00f6ften har getts om serieproduktion. Det handlar, enligt k\u00e4llorna, om ett koncept \u2013 ett s\u00e4tt att visa muskler, id\u00e9er och ambitioner.<\/p>\n<p>Siffran 808 p\u00e5 motorhuven stannar \u00e4n s\u00e5 l\u00e4nge vid att markera en t\u00e4nkt effektklass. Modellen var avsedd f\u00f6r marknadsf\u00f6ring, vision och diskussion och inga tekniska detaljer (slagvolym, vikt, kylning, certifiering) \u00e4r officiellt fastst\u00e4llda.<\/p>\n<p>Ingen prototyp!<\/p>\n<p>Mockup ska s\u00e5lunda inte att f\u00f6rv\u00e4xlas med prototyp. Med en mockup kommer inga l\u00f6ften om att produkten faktiskt kommer att s\u00e4ljas.<\/p>\n<p><strong>Bilden ovan p\u00e5 Mercurys 808-h\u00e4stare som visades upp p\u00e5 Consumer Electronics Show (CES) i Las Vegas \u00e4r AI-genererad d\u00e5 Mercury \u00e4nnu inte har g\u00e5tt ut med n\u00e5got eget bildmaterial.<\/strong><\/p>\n","protected":false},"excerpt":{"rendered":"Fel! Den Mercury 808 hk som visades upp p\u00e5 Consumer Electronics Show (CES) i Las Vegas var inget&hellip;\n","protected":false},"author":2,"featured_media":130468,"comment_status":"","ping_status":"","sticky":false,"template":"","format":"standard","meta":{"footnotes":""},"categories":[65],"tags":[72,70,71,34,31,33,32,30],"class_list":{"0":"post-130467","1":"post","2":"type-post","3":"status-publish","4":"format-standard","5":"has-post-thumbnail","7":"category-ekonomi","8":"tag-business","9":"tag-economy","10":"tag-ekonomi","11":"tag-se","12":"tag-svenska","13":"tag-sverige","14":"tag-sweden","15":"tag-swedish"},"share_on_mastodon":{"url":"https:\/\/pubeurope.com\/@se\/115864637441950924","error":""},"_links":{"self":[{"href":"https:\/\/www.europesays.com\/se\/wp-json\/wp\/v2\/posts\/130467","targetHints":{"allow":["GET"]}}],"collection":[{"href":"https:\/\/www.europesays.com\/se\/wp-json\/wp\/v2\/posts"}],"about":[{"href":"https:\/\/www.europesays.com\/se\/wp-json\/wp\/v2\/types\/post"}],"author":[{"embeddable":true,"href":"https:\/\/www.europesays.com\/se\/wp-json\/wp\/v2\/users\/2"}],"replies":[{"embeddable":true,"href":"https:\/\/www.europesays.com\/se\/wp-json\/wp\/v2\/comments?post=130467"}],"version-history":[{"count":0,"href":"https:\/\/www.europesays.com\/se\/wp-json\/wp\/v2\/posts\/130467\/revisions"}],"wp:featuredmedia":[{"embeddable":true,"href":"https:\/\/www.europesays.com\/se\/wp-json\/wp\/v2\/media\/130468"}],"wp:attachment":[{"href":"https:\/\/www.europesays.com\/se\/wp-json\/wp\/v2\/media?parent=130467"}],"wp:term":[{"taxonomy":"category","embeddable":true,"href":"https:\/\/www.europesays.com\/se\/wp-json\/wp\/v2\/categories?post=130467"},{"taxonomy":"post_tag","embeddable":true,"href":"https:\/\/www.europesays.com\/se\/wp-json\/wp\/v2\/tags?post=130467"}],"curies":[{"name":"wp","href":"https:\/\/api.w.org\/{rel}","templated":true}]}}