{"id":130469,"date":"2026-01-09T10:21:10","date_gmt":"2026-01-09T10:21:10","guid":{"rendered":"https:\/\/www.europesays.com\/se\/130469\/"},"modified":"2026-01-09T10:21:10","modified_gmt":"2026-01-09T10:21:10","slug":"veckans-trafik-12-18-januari-trafiken-nu-stockholm","status":"publish","type":"post","link":"https:\/\/www.europesays.com\/se\/130469\/","title":{"rendered":"Veckans trafik 12-18 januari | Trafiken.nu Stockholm"},"content":{"rendered":"<p class=\"news-module__article-date\">&#13;<br \/>\nPublicerad: &#13;<br \/>\n                                &#13;<br \/>\n9 januari 2026 11:00&#13;\n                        <\/p>\n<p class=\"preamble\">&#13;<br \/>\n                                    Planerade h\u00e4ndelser \u00b7 &#13;<br \/>\n                                Under vecka 3 \u00e4r det m\u00e5nga underh\u00e5llsarbeten i flertalet tunnlar. Arbete med cykel- och g\u00e5ngv\u00e4gen p\u00e5 \u00c4ltastr\u00e5ket startar och s\u00e5 spelas det hockey p\u00e5 Hovet.&#13;\n                            <\/p>\n<p>\u00c4ltastr\u00e5ket<\/p>\n<p>M\u00e5ndag den 12 januari startar Trafikverket arbetet med att rusta upp g\u00e5ng-och cykelv\u00e4gen mellan Nackan\u00e4sbron och H\u00e4sthagen. Under byggtiden kommer framkomligheten f\u00f6rbi arbetsomr\u00e5det att p\u00e5verkas f\u00f6r b\u00e5de fordonstrafik och g\u00e5ng- och cykeltrafik.<\/p>\n<p>Arbetet sker i kortare etapper, d\u00e4r ett k\u00f6rf\u00e4lt \u00e4r avst\u00e4ngt f\u00f6rbi arbetsomr\u00e5det. Trafiken kommer regleras med tillf\u00e4lliga trafiksignaler.\u00a0<\/p>\n<p>Arbetet p\u00e5 str\u00e4ckan startar s\u00f6der om Nackn\u00e4sbron och arbeten med hela str\u00e4ckan planeras bli klart under sommaren 2026.<\/p>\n<p>E20 Norra l\u00e4nken<\/p>\n<p>Norra l\u00e4nken \u00e4r det tunnelsystem norr om Stockholms innerstad som f\u00f6rbinder E4\/E20 Essingeleden i v\u00e4ster med Liding\u00f6 och V\u00e4rtahamnen i \u00f6ster.<\/p>\n<p>Norra l\u00e4nken avst\u00e4ngd mot Liding\u00f6<\/p>\n<p>Avst\u00e4ngningen g\u00e4ller mellan klockan 22:00 och 05:00.<\/p>\n<p>Natten mot tisdag den 13 januari st\u00e4ngs delar av E20 Norra l\u00e4nken av p\u00e5 grund av drift- och underh\u00e5lls\u00e5tg\u00e4rder. Avst\u00e4ngningen g\u00e4ller riktningen mot Liding\u00f6\/V\u00e4rtan. Avst\u00e4ngningen g\u00e4ller \u00e4ven Karolinertunneln (infartstunneln fr\u00e5n E4 Haga S\u00f6dra), Albanotunneln (infartstunneln fr\u00e5n Roslagsv\u00e4gen) och M\u00e5ntunneln (infartstunneln fr\u00e5n Roslagstull).<\/p>\n<p>Trafikanter h\u00e4nvisas att f\u00f6lja skyltad omledning.<\/p>\n<p>Norra l\u00e4nken avst\u00e4ngd mot Essingeleden<\/p>\n<p>Avst\u00e4ngningen g\u00e4ller mellan klockan 22:00 och 05:00.<\/p>\n<p>Natten mot onsdag den 14 januari st\u00e4ngs delar av E20 Norra l\u00e4nken av p\u00e5 grund av drift- och underh\u00e5lls\u00e5tg\u00e4rder. Avst\u00e4ngningen g\u00e4ller riktningen mot E4\/E20 Essingeleden. Avst\u00e4ngningen g\u00e4ller \u00e4ven Kosmostunneln (infart fr\u00e5n Liding\u00f6v\u00e4gen), p\u00e5farten fr\u00e5n Hjorthagsv\u00e4gen och Galaxtunneln (utfartstunneln till Roslagsv\u00e4gen) och M\u00e5ntunneln (infartstunneln fr\u00e5n Roslagstull).<\/p>\n<p>Trafikanter h\u00e4nvisas att f\u00f6lja skyltad omledning.<\/p>\n<p>V\u00e4g 75 S\u00f6dra l\u00e4nken<\/p>\n<p>S\u00f6dra l\u00e4nken \u00e4r det tunnelsystem s\u00f6der om Stockholms innerstad som f\u00f6rbinder E4\/E20 Essingeleden i v\u00e4ster med Nacka och V\u00e4rmd\u00f6 i \u00f6ster.<\/p>\n<p>S\u00f6dra l\u00e4nken avst\u00e4ngd mot Nacka<\/p>\n<p>Avst\u00e4ngningen g\u00e4ller mellan klockan 22:00 och 05:00.<\/p>\n<p>Natten mot torsdag den 15 januari st\u00e4ngs delar av v\u00e4g 75 S\u00f6dra l\u00e4nken av p\u00e5 grund av drift- och underh\u00e5lls\u00e5tg\u00e4rder. Avst\u00e4ngningen g\u00e4ller riktningen mot Nacka och V\u00e4rmd\u00f6. Avst\u00e4ngningen g\u00e4ller \u00e4ven Koppartunneln (v\u00e4stg\u00e5ende utfartstunnel mot v\u00e4g 226 Huddingev\u00e4gen).<\/p>\n<p>Trafikanter h\u00e4nvisas att f\u00f6lja skyltad omledning.<\/p>\n<p>S\u00f6dra l\u00e4nken avst\u00e4ngd mot E4\/E20<\/p>\n<p>Avst\u00e4ngningen g\u00e4ller mellan klockan 22:00 och 05:00.<\/p>\n<p>Natten mot fredag den 16 januari st\u00e4ngs delar av v\u00e4g 75 S\u00f6dra l\u00e4nken av p\u00e5 grund av drift- och underh\u00e5lls\u00e5tg\u00e4rder. Avst\u00e4ngningen g\u00e4ller riktningen mot E4\/E20 Essingeleden. Avst\u00e4ngningen g\u00e4ller \u00e4ven Sotartunneln (\u00f6stg\u00e5ende utfartstunnel mot v\u00e4g 73 Nyn\u00e4sv\u00e4gen).<\/p>\n<p>Trafikanter h\u00e4nvisas att f\u00f6lja skyltad omledning.<\/p>\n<p>Tunneltv\u00e4tt i Stockholms stads tunnlar<\/p>\n<p>Under veckans vardagsn\u00e4tter k\u00f6r tv\u00e4tt\u00e5g i tunnlarna f\u00f6r att bland annat reng\u00f6ra teknisk utrustning. Tunnlarna st\u00e4ngs av i en riktning i taget.<\/p>\n<p>Arbete p\u00e5g\u00e5r mellan klockan 22:00 och 05:00.<\/p>\n<p>S\u00f6derledstunneln<\/p>\n<p>Natt mot tisdag den 13 januari st\u00e4ngs S\u00f6derledstunneln av i en riktning i taget p\u00e5 grund av tunneltv\u00e4tt.<\/p>\n<p>S\u00f6derledstunneln \u00e4r den tunnel som g\u00e5r under S\u00f6dermalm, fr\u00e5n Johanneshovsbron i s\u00f6der till Centralbron i norr.<\/p>\n<p>Blekholmstunneln<\/p>\n<p>Natt mot onsdag den 14 januari st\u00e4ngs Blekholmstunneln av p\u00e5 grund av tunneltv\u00e4tt. Avst\u00e4ngningen g\u00e4ller i en riktning i taget.<\/p>\n<p>Blekholmstunneln g\u00e5r parallellt med j\u00e4rnv\u00e4gssp\u00e5ren i h\u00f6jd med Stockholms centralstation och f\u00f6rbinder Klarastrandsleden med Centralbron.<\/p>\n<p>Hjulstatunneln<\/p>\n<p>Natt mot onsdag den 14 januari st\u00e4ngs Hjulstatunneln av p\u00e5 grund av tunneltv\u00e4tt.<\/p>\n<p>Hjulstatunneln tillh\u00f6r lokalgatan bredvid E18 i nordv\u00e4stra Stockholm.<\/p>\n<p>Klaratunneln<\/p>\n<p>Natt mot torsdag den 15 januari st\u00e4ngs Klaratunneln av p\u00e5 grund av tunneltv\u00e4tt. Avst\u00e4ngningen g\u00e4ller i en riktning i taget.<\/p>\n<p>Klaratunneln \u00e4r en tunnel i Stockholms innerstad som f\u00f6rbinder Centralbron med Sveav\u00e4gen och M\u00e4ster Samuelsgatan.<\/p>\n<p>Tomteboda- och Karlbergstunnlarna<\/p>\n<p>Natt mot fredag den 16 januari st\u00e4ngs Tomtebodatunneln och Karlbergstunneln av i en riktning i taget p\u00e5 grund av tunneltv\u00e4tt.\u00a0<\/p>\n<p>Tomtebodatunneln \u00e4r en del av Klarastrandsleden och g\u00e5r under norrg\u00e5ende E4\/E20 Norra L\u00e4nken. Karlbergstunneln \u00e4r en del av Klarastrandsleden och \u00e4r den tunnel som g\u00e5r under j\u00e4rnv\u00e4gssp\u00e5ren och Pampasl\u00e4nken.<\/p>\n<p>Hundra Knutars Backe<\/p>\n<p>Natt mot fredag den 16 januari st\u00e4ngs Hundra Knutars Backe av p\u00e5 grund av tunneltv\u00e4tt. Avst\u00e4ngningen g\u00e4ller i en riktning i taget.<\/p>\n<p>Hundra Knutars Backe heter den 251 meter l\u00e5nga tunneln p\u00e5 Kungsholmen som g\u00e5r under Drottningholmsv\u00e4gen.<\/p>\n<p>Arbeten med lokal p\u00e5verkan<br \/>\nJ\u00e4rntorgsgatan &#8211; Gamla stan<\/p>\n<p>Fr\u00e5n onsdag den 14 januari till och med den 14 februari \u00e4r korsningen J\u00e4rntorsgatan &#8211; J\u00e4rntoget i Gamla stan avst\u00e4ngd p\u00e5 grund av schaktarbeten.<\/p>\n<p>Skeppsbron\/Slussen<\/p>\n<p>Tisdag den 13 januari p\u00e5g\u00e5r det filminspelning vid Skeppsbron\/Slussen som p\u00e5verkar trafiken.\u00a0<\/p>\n<p>Cykeltrafik leds om via Vattentorget mellan 06:00-18:00.\u00a0<\/p>\n<p>Fordonstrafik p\u00e5 Skeppsbron regleras vid tagning av filmscener mellan 09:00-15:00.<\/p>\n<p>David Bagares gata<\/p>\n<p>Torsdag den 15 januari \u00e4r David Bagares gata avst\u00e4ngd f\u00f6r genomfart mellan Regeringsgatan och Johannesgatan mellan klockan 00:00-12:00.<\/p>\n<p>Fordonstrafik h\u00e4nvisas att k\u00f6ra Regeringsgatan-Birger Jarlsgatan-R\u00e5dmansgatan-D\u00f6belnsgatan.<\/p>\n<p>Handens busstation<\/p>\n<p>Fr\u00e5n m\u00e5ndag den 12 januari till och med s\u00f6ndag den 25 januari sker en avst\u00e4ngning av bussterminalen vid Handens station. Detta p\u00e5 grund av byggarbete vid terminalen.<\/p>\n<p>Busslinjerna 824, 826, 830, 834, 839, 840 och 865 kommer d\u00e4rf\u00f6r att byta h\u00e5llplatsl\u00e4gen under denna period.<\/p>\n<p>L\u00e4s mer om f\u00f6r\u00e4ndringarna p\u00e5 SLs webbplats. L\u00e4nk finns i l\u00e4nklistan p\u00e5 denna sida.<\/p>\n<p>Evenemang med trafikp\u00e5verkan<br \/>\nHockey p\u00e5 Hovet<\/p>\n<p>Torsdag den 15 januari m\u00f6ts DIF-V\u00e4xj\u00f6 i Hovet. Matchen b\u00f6rjar klockan 19:00.<\/p>\n<p>Fredag den 16 januari m\u00f6ts AIK-Karlmar. Matchen b\u00f6rjar klockan 19:00.<\/p>\n<p>Avicii Arena<\/p>\n<p>Torsdag den 15 januari spelar Burna Boy p\u00e5 Avicii Arena. Konserten b\u00f6rjar klockan 19:30.<\/p>\n<p>Fredag den 16 januari spelar Architects p\u00e5 Annexet. Spelningen b\u00f6rjar klockan 19:30.<\/p>\n<p>Strawberry Arena<\/p>\n<p>L\u00f6rdag den 17 januari m\u00f6ts AIK-Degerfors IF p\u00e5 Strawberry arena. F\u00f6rs\u00e4songsmatchen b\u00f6rjar klockan 15:00.<\/p>\n","protected":false},"excerpt":{"rendered":"&#13; Publicerad: &#13; &#13; 9 januari 2026 11:00&#13; &#13; Planerade h\u00e4ndelser \u00b7 &#13; Under vecka 3 \u00e4r det&hellip;\n","protected":false},"author":2,"featured_media":130470,"comment_status":"","ping_status":"","sticky":false,"template":"","format":"standard","meta":{"footnotes":""},"categories":[12],"tags":[22,23,26,27,17,21,24,25,28,29,15,16,18,34,31,33,32,30,19,20],"class_list":{"0":"post-130469","1":"post","2":"type-post","3":"status-publish","4":"format-standard","5":"has-post-thumbnail","7":"category-sverige","8":"tag-breaking-news","9":"tag-breakingnews","10":"tag-featured-news","11":"tag-featurednews","12":"tag-headlines","13":"tag-huvudnyheter","14":"tag-latest-news","15":"tag-latestnews","16":"tag-main-news","17":"tag-mainnews","18":"tag-news","19":"tag-nyheter","20":"tag-rubriker","21":"tag-se","22":"tag-svenska","23":"tag-sverige","24":"tag-sweden","25":"tag-swedish","26":"tag-top-stories","27":"tag-topstories"},"share_on_mastodon":{"url":"https:\/\/pubeurope.com\/@se\/115864645350540891","error":""},"_links":{"self":[{"href":"https:\/\/www.europesays.com\/se\/wp-json\/wp\/v2\/posts\/130469","targetHints":{"allow":["GET"]}}],"collection":[{"href":"https:\/\/www.europesays.com\/se\/wp-json\/wp\/v2\/posts"}],"about":[{"href":"https:\/\/www.europesays.com\/se\/wp-json\/wp\/v2\/types\/post"}],"author":[{"embeddable":true,"href":"https:\/\/www.europesays.com\/se\/wp-json\/wp\/v2\/users\/2"}],"replies":[{"embeddable":true,"href":"https:\/\/www.europesays.com\/se\/wp-json\/wp\/v2\/comments?post=130469"}],"version-history":[{"count":0,"href":"https:\/\/www.europesays.com\/se\/wp-json\/wp\/v2\/posts\/130469\/revisions"}],"wp:featuredmedia":[{"embeddable":true,"href":"https:\/\/www.europesays.com\/se\/wp-json\/wp\/v2\/media\/130470"}],"wp:attachment":[{"href":"https:\/\/www.europesays.com\/se\/wp-json\/wp\/v2\/media?parent=130469"}],"wp:term":[{"taxonomy":"category","embeddable":true,"href":"https:\/\/www.europesays.com\/se\/wp-json\/wp\/v2\/categories?post=130469"},{"taxonomy":"post_tag","embeddable":true,"href":"https:\/\/www.europesays.com\/se\/wp-json\/wp\/v2\/tags?post=130469"}],"curies":[{"name":"wp","href":"https:\/\/api.w.org\/{rel}","templated":true}]}}