{"id":130471,"date":"2026-01-09T10:22:12","date_gmt":"2026-01-09T10:22:12","guid":{"rendered":"https:\/\/www.europesays.com\/se\/130471\/"},"modified":"2026-01-09T10:22:12","modified_gmt":"2026-01-09T10:22:12","slug":"vintersport-nio-nya-idrottare-far-os-platser","status":"publish","type":"post","link":"https:\/\/www.europesays.com\/se\/130471\/","title":{"rendered":"Vintersport: Nio nya idrottare f\u00e5r OS-platser"},"content":{"rendered":"<p>Totalt har nu 74 idrottare tagits ut till den svenska truppen till OS.<\/p>\n<p>Alpint: Sara Hector, Anna Swenn Larsson, Cornelia \u00d6hlund, Estelle Alphand.<\/p>\n<p>Backhoppning: Frida Westman.<\/p>\n<p>Curling: Niklas Edin, Oskar Eriksson, Rasmus Wran\u00e5, Christoffer Sundgren, Anna Hasselborg, Sara McManus, Agnes Knochenhauer, Sofia Scharback, Johanna Heldin, Isabella Wran\u00e5.<\/p>\n<p>Ishockey: Filip Gustavsson, Jacob Markstr\u00f6m, Jesper Wallstedt, Rasmus Andersson, Philip Broberg, Jonas Brodin, Rasmus Dahlin, Oliver Ekman Larsson, Gustav Forsling, Victor Hedman, Erik Karlsson, Jesper Bratt, Leo Carlsson, Joel Eriksson Ek, Filip Forsberg, Pontus Holmberg, Adrian Kempe, Gabriel Landeskog, Elias Lindholm, William Nylander, Elias Pettersson, Rickard Rakell, Lucas Raymond, Alex Wennberg, Mika Zibanejad.<\/p>\n<p>Konst\u00e5kning: Andreas Nordeb\u00e4ck, Nikolaj Majorov, Milla Ruud Reitan.<\/p>\n<p>Puckelpist: Walter Wallberg, Filip Gravenfors, Rasmus Stegfeldt, Robin Olg\u00e5rd.<\/p>\n<p>Skidor: Ebba Andersson, Frida Karlsson, Jonna Sundling, Linn Svahn, Maja Dahlqvist, Moa Ilar, Johanna Hagstr\u00f6m, Emma Ribom, Anton Grahn, Alvar Myhlback, William Poromaa, Edvin Anger, Gustaf Berglund, Truls Gisselman.<\/p>\n<p>Skicross: Sandra N\u00e4slund, Linnea Mob\u00e4rg, David Mob\u00e4rg, Erik Mob\u00e4rg. <\/p>\n<p>Skidskytte: Elvira \u00d6berg, Hanna \u00d6berg, Anna Magnusson, Ella Halvarsson, Martin Ponsiluoma, Sebastian Samuelsson, Jesper Nelin, Viktor Brandt, Malte Stefansson.<\/p>\n","protected":false},"excerpt":{"rendered":"Totalt har nu 74 idrottare tagits ut till den svenska truppen till OS. Alpint: Sara Hector, Anna Swenn&hellip;\n","protected":false},"author":2,"featured_media":130472,"comment_status":"","ping_status":"","sticky":false,"template":"","format":"standard","meta":{"footnotes":""},"categories":[5],"tags":[22,23,26,27,17,21,24,25,28,29,15,16,18,34,31,33,32,30,19,20],"class_list":{"0":"post-130471","1":"post","2":"type-post","3":"status-publish","4":"format-standard","5":"has-post-thumbnail","7":"category-rubriker","8":"tag-breaking-news","9":"tag-breakingnews","10":"tag-featured-news","11":"tag-featurednews","12":"tag-headlines","13":"tag-huvudnyheter","14":"tag-latest-news","15":"tag-latestnews","16":"tag-main-news","17":"tag-mainnews","18":"tag-news","19":"tag-nyheter","20":"tag-rubriker","21":"tag-se","22":"tag-svenska","23":"tag-sverige","24":"tag-sweden","25":"tag-swedish","26":"tag-top-stories","27":"tag-topstories"},"share_on_mastodon":{"url":"https:\/\/pubeurope.com\/@se\/115864649236659989","error":""},"_links":{"self":[{"href":"https:\/\/www.europesays.com\/se\/wp-json\/wp\/v2\/posts\/130471","targetHints":{"allow":["GET"]}}],"collection":[{"href":"https:\/\/www.europesays.com\/se\/wp-json\/wp\/v2\/posts"}],"about":[{"href":"https:\/\/www.europesays.com\/se\/wp-json\/wp\/v2\/types\/post"}],"author":[{"embeddable":true,"href":"https:\/\/www.europesays.com\/se\/wp-json\/wp\/v2\/users\/2"}],"replies":[{"embeddable":true,"href":"https:\/\/www.europesays.com\/se\/wp-json\/wp\/v2\/comments?post=130471"}],"version-history":[{"count":0,"href":"https:\/\/www.europesays.com\/se\/wp-json\/wp\/v2\/posts\/130471\/revisions"}],"wp:featuredmedia":[{"embeddable":true,"href":"https:\/\/www.europesays.com\/se\/wp-json\/wp\/v2\/media\/130472"}],"wp:attachment":[{"href":"https:\/\/www.europesays.com\/se\/wp-json\/wp\/v2\/media?parent=130471"}],"wp:term":[{"taxonomy":"category","embeddable":true,"href":"https:\/\/www.europesays.com\/se\/wp-json\/wp\/v2\/categories?post=130471"},{"taxonomy":"post_tag","embeddable":true,"href":"https:\/\/www.europesays.com\/se\/wp-json\/wp\/v2\/tags?post=130471"}],"curies":[{"name":"wp","href":"https:\/\/api.w.org\/{rel}","templated":true}]}}