{"id":130473,"date":"2026-01-09T10:24:05","date_gmt":"2026-01-09T10:24:05","guid":{"rendered":"https:\/\/www.europesays.com\/se\/130473\/"},"modified":"2026-01-09T10:24:05","modified_gmt":"2026-01-09T10:24:05","slug":"ottosson-prisas-for-sitt-arbete-i-mjallby-unicoach","status":"publish","type":"post","link":"https:\/\/www.europesays.com\/se\/130473\/","title":{"rendered":"Ottosson prisas f\u00f6r sitt arbete i Mj\u00e4llby &#8211; Unicoach"},"content":{"rendered":"<p><strong>Under de senaste tre \u00e5ren har Herman Ottosson drivit Mj\u00e4llby AIF fram\u00e5t och upp\u00e5t i sin roll som utvecklingschef. F\u00f6r sitt arbete d\u00e4r \u00e4r han ocks\u00e5 mottagare av utm\u00e4rkelsen \u00c5rets Unicoach under 2025.<\/strong><\/p>\n<p>Lagom till \u00e5rsskiftet 2023 \u00e5terv\u00e4nde Herman Ottosson till sina hemtrakter i Blekinge. Han kom n\u00e4rmast fr\u00e5n V\u00e4ster\u00e5s SK, d\u00e4r han agerat s\u00e5v\u00e4l akademi- som sportchef.<\/p>\n<p>I Mj\u00e4llby blev 33-\u00e5rige Ottosson utvecklingschef, med uppdraget att se \u00f6ver f\u00f6reningens spelarutbildningsplan samt ansvara f\u00f6r utbildning av och feedback till de egna tr\u00e4narna p\u00e5 ungdomssidan och i akademin.<\/p>\n<p>Med hans hj\u00e4lp har Mj\u00e4llbys utveckling g\u00e5tt snabbt fram\u00e5t p\u00e5 flera fronter, och som en konsekvens av det har man bland annat f\u00e5tt uppleva flera framg\u00e5ngar p\u00e5 akademisidan, samt f\u00e5tt se en m\u00e4ngd egenfostrade spelare n\u00e5 allsvenskt spel.<\/p>\n<p><strong>Motivering till utm\u00e4rkelsen \u00c5rets Unicoach:<\/strong><\/p>\n<p>\u201cHerman Ottosson har varit utvecklingschef i Mj\u00e4llby sedan 2023. Han har varit en stor del av utvecklingen i Mj\u00e4llby AIF:s akademi, speciellt riktat mot klubbens tr\u00e4nare.\u00a0<\/p>\n<p>Ut\u00f6ver detta har Herman bidragit till SEF-kollektivet via olika f\u00f6redrag f\u00f6r v\u00e5ra medlemsklubbar samt inspirerat b\u00e5de Svenska Fotbollf\u00f6rbundet och distriktsf\u00f6rbund. Vi ser honom som en god representant b\u00e5de f\u00f6r sin klubb och f\u00f6r svensk fotboll i stort.\u201d<\/p>\n<p><strong>Fakta kring \u00e5rets Unicoach-priser:<\/strong><br \/>Utm\u00e4rkelserna delas ut inom ramarna f\u00f6r Unicoach-n\u00e4tverket. Juryn best\u00e5r av Thomas Hasselgren och Svante Samuelsson, akademiutvecklare respektive sportchef p\u00e5 Svensk Elitfotboll, samt David Tezera, sponsorchef p\u00e5 Unibet.<\/p>\n<p>Ut\u00f6ver \u00c5rets Unicoach har priser \u00e4ven delats ut till \u00c5rets m\u00e5lvakt, back, mittf\u00e4ltare, forward och klubb.<\/p>\n<p><strong>Tidigare pristagare, \u00c5rets Unicoach:<\/strong><br \/>2020: Johan Lindholm (tidigare Bergstr\u00f6m), Halmstads BK<br \/>2021: Magni Fannberg, AIK<br \/>2022: Mikael Dahlberg, Helsingborgs IF<br \/>2023: Roberth Jacobsson, Sk\u00f6vde AIK<br \/>2024: Festim Pasho, Kalmar FF<\/p>\n","protected":false},"excerpt":{"rendered":"Under de senaste tre \u00e5ren har Herman Ottosson drivit Mj\u00e4llby AIF fram\u00e5t och upp\u00e5t i sin roll som&hellip;\n","protected":false},"author":2,"featured_media":130474,"comment_status":"","ping_status":"","sticky":false,"template":"","format":"standard","meta":{"footnotes":""},"categories":[68],"tags":[469,34,111,110,31,33,32,30],"class_list":{"0":"post-130473","1":"post","2":"type-post","3":"status-publish","4":"format-standard","5":"has-post-thumbnail","7":"category-sport","8":"tag-mjallby-aif","9":"tag-se","10":"tag-sport","11":"tag-sports","12":"tag-svenska","13":"tag-sverige","14":"tag-sweden","15":"tag-swedish"},"share_on_mastodon":{"url":"https:\/\/pubeurope.com\/@se\/115864657121251321","error":""},"_links":{"self":[{"href":"https:\/\/www.europesays.com\/se\/wp-json\/wp\/v2\/posts\/130473","targetHints":{"allow":["GET"]}}],"collection":[{"href":"https:\/\/www.europesays.com\/se\/wp-json\/wp\/v2\/posts"}],"about":[{"href":"https:\/\/www.europesays.com\/se\/wp-json\/wp\/v2\/types\/post"}],"author":[{"embeddable":true,"href":"https:\/\/www.europesays.com\/se\/wp-json\/wp\/v2\/users\/2"}],"replies":[{"embeddable":true,"href":"https:\/\/www.europesays.com\/se\/wp-json\/wp\/v2\/comments?post=130473"}],"version-history":[{"count":0,"href":"https:\/\/www.europesays.com\/se\/wp-json\/wp\/v2\/posts\/130473\/revisions"}],"wp:featuredmedia":[{"embeddable":true,"href":"https:\/\/www.europesays.com\/se\/wp-json\/wp\/v2\/media\/130474"}],"wp:attachment":[{"href":"https:\/\/www.europesays.com\/se\/wp-json\/wp\/v2\/media?parent=130473"}],"wp:term":[{"taxonomy":"category","embeddable":true,"href":"https:\/\/www.europesays.com\/se\/wp-json\/wp\/v2\/categories?post=130473"},{"taxonomy":"post_tag","embeddable":true,"href":"https:\/\/www.europesays.com\/se\/wp-json\/wp\/v2\/tags?post=130473"}],"curies":[{"name":"wp","href":"https:\/\/api.w.org\/{rel}","templated":true}]}}