{"id":130475,"date":"2026-01-09T10:27:07","date_gmt":"2026-01-09T10:27:07","guid":{"rendered":"https:\/\/www.europesays.com\/se\/130475\/"},"modified":"2026-01-09T10:27:07","modified_gmt":"2026-01-09T10:27:07","slug":"de-grona-i-finland-inspireras-av-irlands-basinkomst","status":"publish","type":"post","link":"https:\/\/www.europesays.com\/se\/130475\/","title":{"rendered":"De gr\u00f6na i Finland inspireras av Irlands basinkomst\u00a0"},"content":{"rendered":"<p>            <a href=\"https:\/\/tidningensyre.se\/sektion\/radar\/\" class=\"article__breadcrumb-link article__breadcrumb-link--magenta\" rel=\"nofollow noopener\" target=\"_blank\">Radar<\/a><br \/>\n             \u00b7 Basinkomst\ufeff<\/p>\n<p>\n            Publicerad 15 minuter sedan\n        <\/p>\n<p>\n                    Oras Tynkkynen, ordf\u00f6rande i De gr\u00f6nas riksdagsgrupp. Foto: Laura Kotila\/Statsr\u00e5dets kansli\/Wikimedia Commons\n            <\/p>\n<p class=\"article__sublead\">Finland borde genomf\u00f6ra ett nytt f\u00f6rs\u00f6k med basinkomst under n\u00e4sta mandatperiod. Det anser De gr\u00f6nas ordf\u00f6rande i Finland i ett utspel d\u00e4r han lyfter den lyckade utv\u00e4rderingen av basinkomsten p\u00e5 Irland.\u00a0<\/p>\n<p class=\"article__paragraph\">\u2013 Erfarenheterna fr\u00e5n Irlands basinkomstf\u00f6rs\u00f6k \u00e4r uppmuntrande b\u00e5de ur de deltagande individernas och samh\u00e4llets perspektiv, s\u00e4ger Oras Tynkkynen, ordf\u00f6rande i De gr\u00f6nas riksdagsgrupp, i ett pressmeddelande rapporterar <a href=\"https:\/\/www.uusisuomi.fi\/uutiset\/a\/31e46154-1232-4a5d-8da8-cfa622362005\" target=\"_blank\" rel=\"noopener nofollow\">Uusi Suomi<\/a> och finska <a href=\"https:\/\/demokraatti.fi\/oras-tynkkynen-vill-ha-ett-nytt-experiment-med-basinkomst-i-finland\" target=\"_blank\" rel=\"noopener nofollow\">Arbetarbladet<\/a>.<\/p>\n<p class=\"article__paragraph\">mmmmBasinkomsten p\u00e5 Irland riktar sig till enbart konstn\u00e4rer. N\u00e4r f\u00f6rs\u00f6ket nyligen utv\u00e4rderades visade det sig vara samh\u00e4llsekonomiskt l\u00f6nsamt, vilket <a href=\"https:\/\/tidningensyre.se\/2025\/25-september-2025\/basinkomsten-pa-irland-ar-lonsam-for-samhallet\/\" rel=\"nofollow noopener\" target=\"_blank\">Syre skrivit om tidigare<\/a>.\u00a0\u00a0<\/p>\n<p class=\"article__paragraph\">Just samh\u00e4llsnyttan lyfter ocks\u00e5 Oras Tynkkynen, och vill att denna tas in i ett framtida f\u00f6rs\u00f6k i Finland.\u00a0<\/p>\n<p class=\"article__paragraph\">\u2013 Irlands exempel visar att det \u00e4r m\u00f6jligt att genomf\u00f6ra ett meningsfullt basinkomstf\u00f6rs\u00f6k till m\u00e5ttliga statsfinansiella kostnader, s\u00e4ger han.<\/p>\n<p class=\"article__paragraph\">De gr\u00f6na har l\u00e4nge drivit fr\u00e5gan om basinkomst. I <a href=\"https:\/\/www.degrona.fi\/de-gronas-politiska-program-2023-2027\/\" target=\"_blank\" rel=\"noopener nofollow\">deras partiprogram<\/a> fr\u00e5n 2022 st\u00e5r bland annat att de vill inf\u00f6ra en skattefri \u201dgarantiinkomst\u201d p\u00e5 motsvarande drygt 2 000 kronor f\u00f6r alla vuxna som omfattas av den finl\u00e4ndska socialf\u00f6rs\u00e4kringen. D\u00e4r n\u00e4mns ocks\u00e5 att man vill att en ny studie om basinkomst genomf\u00f6rs.\u00a0<\/p>\n<p class=\"article__paragraph\">\u00c5ren 2017-2018 genomf\u00f6rde Finland en pilotstudie d\u00e4r 2000 arbetsl\u00f6sa fick en partiell basinkomst. Till skillnad fr\u00e5n den studien vill De Gr\u00f6na att ocks\u00e5 andra grupper \u201dsom befinner sig i olika livssituationer\u201d inkluderas i ett nytt f\u00f6rs\u00f6k, samt att man \u00e4ven experimenterar med beskattningen.<\/p>\n","protected":false},"excerpt":{"rendered":"Radar \u00b7 Basinkomst\ufeff Publicerad 15 minuter sedan Oras Tynkkynen, ordf\u00f6rande i De gr\u00f6nas riksdagsgrupp. Foto: Laura Kotila\/Statsr\u00e5dets kansli\/Wikimedia&hellip;\n","protected":false},"author":2,"featured_media":130476,"comment_status":"","ping_status":"","sticky":false,"template":"","format":"standard","meta":{"footnotes":""},"categories":[65],"tags":[72,70,71,34,31,33,32,30],"class_list":{"0":"post-130475","1":"post","2":"type-post","3":"status-publish","4":"format-standard","5":"has-post-thumbnail","7":"category-ekonomi","8":"tag-business","9":"tag-economy","10":"tag-ekonomi","11":"tag-se","12":"tag-svenska","13":"tag-sverige","14":"tag-sweden","15":"tag-swedish"},"share_on_mastodon":{"url":"https:\/\/pubeurope.com\/@se\/115864668916492708","error":""},"_links":{"self":[{"href":"https:\/\/www.europesays.com\/se\/wp-json\/wp\/v2\/posts\/130475","targetHints":{"allow":["GET"]}}],"collection":[{"href":"https:\/\/www.europesays.com\/se\/wp-json\/wp\/v2\/posts"}],"about":[{"href":"https:\/\/www.europesays.com\/se\/wp-json\/wp\/v2\/types\/post"}],"author":[{"embeddable":true,"href":"https:\/\/www.europesays.com\/se\/wp-json\/wp\/v2\/users\/2"}],"replies":[{"embeddable":true,"href":"https:\/\/www.europesays.com\/se\/wp-json\/wp\/v2\/comments?post=130475"}],"version-history":[{"count":0,"href":"https:\/\/www.europesays.com\/se\/wp-json\/wp\/v2\/posts\/130475\/revisions"}],"wp:featuredmedia":[{"embeddable":true,"href":"https:\/\/www.europesays.com\/se\/wp-json\/wp\/v2\/media\/130476"}],"wp:attachment":[{"href":"https:\/\/www.europesays.com\/se\/wp-json\/wp\/v2\/media?parent=130475"}],"wp:term":[{"taxonomy":"category","embeddable":true,"href":"https:\/\/www.europesays.com\/se\/wp-json\/wp\/v2\/categories?post=130475"},{"taxonomy":"post_tag","embeddable":true,"href":"https:\/\/www.europesays.com\/se\/wp-json\/wp\/v2\/tags?post=130475"}],"curies":[{"name":"wp","href":"https:\/\/api.w.org\/{rel}","templated":true}]}}